{"id":4351,"date":"2024-12-19T22:35:49","date_gmt":"2024-12-20T01:35:49","guid":{"rendered":"https:\/\/necrologicas.duraznohoy.com\/?p=4351"},"modified":"2024-12-19T22:35:49","modified_gmt":"2024-12-20T01:35:49","slug":"walter-ricardo-moreira-taffura-negro","status":"publish","type":"post","link":"https:\/\/necrologicas.duraznohoy.com\/?p=4351","title":{"rendered":"Walter Ricardo Moreira Taffura \u00abNegro\u00bb"},"content":{"rendered":"<p>Falleci\u00f3 el 19 de diciembre de 2024<br \/>\n<span style=\"color: #ffffff;\"><strong>(Q.E.P.D) &#8211; Walter Ricardo Moreira Taffura \u00abNegro\u00bb<\/strong><\/span><br \/>\nDomicilio: Washington s\/n<br \/>\nVelatorio: 20 de diciembre \u2013 comienzo hora 8<br \/>\nSala: N\u00ba 2 \u2013 19 de Abril 824<br \/>\nSepelio: 20 de diciembre hora 10<br \/>\nNecr\u00f3polis Local<br \/>\nConvenio con Tutela Social FF.AA<\/p>\n<p>PREVISORA REGIONAL \u2013 Servicios F\u00daNEBRES Y CREMACI\u00d3N. \u00danica Oficina de Atenci\u00f3n al P\u00fablico en Calle Zorrilla 736. Con el respaldo de Empresas Centrosur y Bazzi Hnos. 08008750 \/ 4362-6688 \/ 43622342\/ 43622046.<\/p>\n","protected":false},"excerpt":{"rendered":"<p>Falleci\u00f3 el 19 de diciembre de 2024 (Q.E.P.D) &#8211; Walter Ricardo Moreira Taffura \u00abNegro\u00bb Domicilio: Washington s\/n Velatorio: 20 de diciembre \u2013 comienzo hora 8 Sala: N\u00ba 2 \u2013 19 de Abril 824 Sepelio: 20 de diciembre hora 10 Necr\u00f3polis Local Convenio con Tutela Social FF.AA PREVISORA REGIONAL \u2013 Servicios F\u00daNEBRES Y CREMACI\u00d3N. \u00danica Oficina [&hellip;]<\/p>\n","protected":false},"author":2,"featured_media":0,"comment_status":"open","ping_status":"open","sticky":false,"template":"","format":"standard","meta":{"footnotes":""},"categories":[1],"tags":[],"class_list":["post-4351","post","type-post","status-publish","format-standard","hentry","category-uncategorized"],"_links":{"self":[{"href":"https:\/\/necrologicas.duraznohoy.com\/index.php?rest_route=\/wp\/v2\/posts\/4351","targetHints":{"allow":["GET"]}}],"collection":[{"href":"https:\/\/necrologicas.duraznohoy.com\/index.php?rest_route=\/wp\/v2\/posts"}],"about":[{"href":"https:\/\/necrologicas.duraznohoy.com\/index.php?rest_route=\/wp\/v2\/types\/post"}],"author":[{"embeddable":true,"href":"https:\/\/necrologicas.duraznohoy.com\/index.php?rest_route=\/wp\/v2\/users\/2"}],"replies":[{"embeddable":true,"href":"https:\/\/necrologicas.duraznohoy.com\/index.php?rest_route=%2Fwp%2Fv2%2Fcomments&post=4351"}],"version-history":[{"count":1,"href":"https:\/\/necrologicas.duraznohoy.com\/index.php?rest_route=\/wp\/v2\/posts\/4351\/revisions"}],"predecessor-version":[{"id":4352,"href":"https:\/\/necrologicas.duraznohoy.com\/index.php?rest_route=\/wp\/v2\/posts\/4351\/revisions\/4352"}],"wp:attachment":[{"href":"https:\/\/necrologicas.duraznohoy.com\/index.php?rest_route=%2Fwp%2Fv2%2Fmedia&parent=4351"}],"wp:term":[{"taxonomy":"category","embeddable":true,"href":"https:\/\/necrologicas.duraznohoy.com\/index.php?rest_route=%2Fwp%2Fv2%2Fcategories&post=4351"},{"taxonomy":"post_tag","embeddable":true,"href":"https:\/\/necrologicas.duraznohoy.com\/index.php?rest_route=%2Fwp%2Fv2%2Ftags&post=4351"}],"curies":[{"name":"wp","href":"https:\/\/api.w.org\/{rel}","templated":true}]}}