{"id":4359,"date":"2024-12-22T16:53:33","date_gmt":"2024-12-22T19:53:33","guid":{"rendered":"https:\/\/necrologicas.duraznohoy.com\/?p=4359"},"modified":"2024-12-22T16:53:33","modified_gmt":"2024-12-22T19:53:33","slug":"rufino-suarez-saralegui-ficho","status":"publish","type":"post","link":"https:\/\/necrologicas.duraznohoy.com\/?p=4359","title":{"rendered":"Rufino Su\u00e1rez Saralegui \u00abFicho\u00bb"},"content":{"rendered":"<p>Falleci\u00f3 el 22 de diciembre de 2024<br \/>\n<span style=\"color: #ffffff;\"><strong>(Q.E.P.D) &#8211; Rufino Su\u00e1rez Saralegui \u00abFicho\u00bb<\/strong><\/span><br \/>\nDomicilio: Puerto de los Barriles Block C &#8211; Apto 202<br \/>\nVelatorio: 22 de diciembre \u2013 comienzo hora 11:00<br \/>\nSala: N\u00ba 1 \u2013 19 de Abril 824<br \/>\nSepelio: 22 de diciembre hora 14:00<br \/>\nNecr\u00f3polis Local<\/p>\n<p>PREVISORA REGIONAL \u2013 Servicios F\u00daNEBRES Y CREMACI\u00d3N. \u00danica Oficina de Atenci\u00f3n al P\u00fablico en Calle Zorrilla 736. Con el respaldo de Empresas Centrosur y Bazzi Hnos. 08008750 \/ 4362-6688 \/ 43622342\/ 43622046.<\/p>\n","protected":false},"excerpt":{"rendered":"<p>Falleci\u00f3 el 22 de diciembre de 2024 (Q.E.P.D) &#8211; Rufino Su\u00e1rez Saralegui \u00abFicho\u00bb Domicilio: Puerto de los Barriles Block C &#8211; Apto 202 Velatorio: 22 de diciembre \u2013 comienzo hora 11:00 Sala: N\u00ba 1 \u2013 19 de Abril 824 Sepelio: 22 de diciembre hora 14:00 Necr\u00f3polis Local PREVISORA REGIONAL \u2013 Servicios F\u00daNEBRES Y CREMACI\u00d3N. \u00danica [&hellip;]<\/p>\n","protected":false},"author":2,"featured_media":0,"comment_status":"open","ping_status":"open","sticky":false,"template":"","format":"standard","meta":{"footnotes":""},"categories":[1],"tags":[],"class_list":["post-4359","post","type-post","status-publish","format-standard","hentry","category-uncategorized"],"_links":{"self":[{"href":"https:\/\/necrologicas.duraznohoy.com\/index.php?rest_route=\/wp\/v2\/posts\/4359","targetHints":{"allow":["GET"]}}],"collection":[{"href":"https:\/\/necrologicas.duraznohoy.com\/index.php?rest_route=\/wp\/v2\/posts"}],"about":[{"href":"https:\/\/necrologicas.duraznohoy.com\/index.php?rest_route=\/wp\/v2\/types\/post"}],"author":[{"embeddable":true,"href":"https:\/\/necrologicas.duraznohoy.com\/index.php?rest_route=\/wp\/v2\/users\/2"}],"replies":[{"embeddable":true,"href":"https:\/\/necrologicas.duraznohoy.com\/index.php?rest_route=%2Fwp%2Fv2%2Fcomments&post=4359"}],"version-history":[{"count":1,"href":"https:\/\/necrologicas.duraznohoy.com\/index.php?rest_route=\/wp\/v2\/posts\/4359\/revisions"}],"predecessor-version":[{"id":4360,"href":"https:\/\/necrologicas.duraznohoy.com\/index.php?rest_route=\/wp\/v2\/posts\/4359\/revisions\/4360"}],"wp:attachment":[{"href":"https:\/\/necrologicas.duraznohoy.com\/index.php?rest_route=%2Fwp%2Fv2%2Fmedia&parent=4359"}],"wp:term":[{"taxonomy":"category","embeddable":true,"href":"https:\/\/necrologicas.duraznohoy.com\/index.php?rest_route=%2Fwp%2Fv2%2Fcategories&post=4359"},{"taxonomy":"post_tag","embeddable":true,"href":"https:\/\/necrologicas.duraznohoy.com\/index.php?rest_route=%2Fwp%2Fv2%2Ftags&post=4359"}],"curies":[{"name":"wp","href":"https:\/\/api.w.org\/{rel}","templated":true}]}}