{"id":4364,"date":"2024-12-24T10:52:28","date_gmt":"2024-12-24T13:52:28","guid":{"rendered":"https:\/\/necrologicas.duraznohoy.com\/?p=4364"},"modified":"2024-12-24T10:52:28","modified_gmt":"2024-12-24T13:52:28","slug":"juan-raul-cerizola-gonzalez-pocho","status":"publish","type":"post","link":"https:\/\/necrologicas.duraznohoy.com\/?p=4364","title":{"rendered":"Juan Ra\u00fal Cerizola Gonzalez \u201cPocho\u201d"},"content":{"rendered":"<p>Falleci\u00f3 el 24 de diciembre de 2024<br \/>\nJuan Ra\u00fal Cerizola Gonzalez \u201cPocho\u201d<br \/>\nDomicilio: P\u00e9rez Castellanos 917<br \/>\nVelatorio: 24 de diciembre \u2013 comienzo hora 10<br \/>\nSala: N\u00ba 1 \u2013 19 de abril 824<br \/>\nSepelio: 24 de diciembre hora 14:30<br \/>\nCementerio Parque \u201cJard\u00edn del Durazno\u201d<br \/>\nPREVISORA REGIONAL\u2013 Servicios F\u00daNEBRES Y CREMACI\u00d3N<br \/>\n\u00danica Oficina de Atenci\u00f3n al P\u00fablico en Calle Zorrilla 736<br \/>\nCon el respaldo de Empresas Centrosur y Bazzi Hnos..<br \/>\nServicio comunicado por Empresa PREVISORA  REGIONAL <\/p>\n","protected":false},"excerpt":{"rendered":"<p>Falleci\u00f3 el 24 de diciembre de 2024 Juan Ra\u00fal Cerizola Gonzalez \u201cPocho\u201d Domicilio: P\u00e9rez Castellanos 917 Velatorio: 24 de diciembre \u2013 comienzo hora 10 Sala: N\u00ba 1 \u2013 19 de abril 824 Sepelio: 24 de diciembre hora 14:30 Cementerio Parque \u201cJard\u00edn del Durazno\u201d PREVISORA REGIONAL\u2013 Servicios F\u00daNEBRES Y CREMACI\u00d3N \u00danica Oficina de Atenci\u00f3n al P\u00fablico [&hellip;]<\/p>\n","protected":false},"author":3,"featured_media":0,"comment_status":"open","ping_status":"open","sticky":false,"template":"","format":"standard","meta":{"footnotes":""},"categories":[1],"tags":[],"class_list":["post-4364","post","type-post","status-publish","format-standard","hentry","category-uncategorized"],"_links":{"self":[{"href":"https:\/\/necrologicas.duraznohoy.com\/index.php?rest_route=\/wp\/v2\/posts\/4364","targetHints":{"allow":["GET"]}}],"collection":[{"href":"https:\/\/necrologicas.duraznohoy.com\/index.php?rest_route=\/wp\/v2\/posts"}],"about":[{"href":"https:\/\/necrologicas.duraznohoy.com\/index.php?rest_route=\/wp\/v2\/types\/post"}],"author":[{"embeddable":true,"href":"https:\/\/necrologicas.duraznohoy.com\/index.php?rest_route=\/wp\/v2\/users\/3"}],"replies":[{"embeddable":true,"href":"https:\/\/necrologicas.duraznohoy.com\/index.php?rest_route=%2Fwp%2Fv2%2Fcomments&post=4364"}],"version-history":[{"count":1,"href":"https:\/\/necrologicas.duraznohoy.com\/index.php?rest_route=\/wp\/v2\/posts\/4364\/revisions"}],"predecessor-version":[{"id":4365,"href":"https:\/\/necrologicas.duraznohoy.com\/index.php?rest_route=\/wp\/v2\/posts\/4364\/revisions\/4365"}],"wp:attachment":[{"href":"https:\/\/necrologicas.duraznohoy.com\/index.php?rest_route=%2Fwp%2Fv2%2Fmedia&parent=4364"}],"wp:term":[{"taxonomy":"category","embeddable":true,"href":"https:\/\/necrologicas.duraznohoy.com\/index.php?rest_route=%2Fwp%2Fv2%2Fcategories&post=4364"},{"taxonomy":"post_tag","embeddable":true,"href":"https:\/\/necrologicas.duraznohoy.com\/index.php?rest_route=%2Fwp%2Fv2%2Ftags&post=4364"}],"curies":[{"name":"wp","href":"https:\/\/api.w.org\/{rel}","templated":true}]}}