{"id":4371,"date":"2025-01-01T11:49:56","date_gmt":"2025-01-01T14:49:56","guid":{"rendered":"https:\/\/necrologicas.duraznohoy.com\/?p=4371"},"modified":"2025-01-01T11:49:56","modified_gmt":"2025-01-01T14:49:56","slug":"juan-carlos-cor-de-leon","status":"publish","type":"post","link":"https:\/\/necrologicas.duraznohoy.com\/?p=4371","title":{"rendered":"Juan Carlos Cor de Le\u00f3n"},"content":{"rendered":"<p>Falleci\u00f3 el 1\u00b0 de enero de 2025<br \/>\nJuan Carlos Cor de Le\u00f3n<br \/>\nDomicilio: Batalla de Carpinter\u00eda 385<br \/>\nVelatorio: 2 de enero \u2013 comienzo hora 8<br \/>\nSala: N\u00ba 2 \u2013 19 de Abril 824<br \/>\nSepelio: 2 de enero hora 10<br \/>\nNecr\u00f3polis de Durazno<br \/>\nPREVISORA REGIONAL\u2013 Servicios F\u00daNEBRES Y CREMACI\u00d3N<br \/>\n\u00danica Oficina de Atenci\u00f3n al P\u00fablico en Calle Zorrilla 736<br \/>\nCon el respaldo de Empresas Centrosur y Bazzi Hnos..<br \/>\nServicio comunicado por Empresa PREVISORA  REGIONAL <\/p>\n","protected":false},"excerpt":{"rendered":"<p>Falleci\u00f3 el 1\u00b0 de enero de 2025 Juan Carlos Cor de Le\u00f3n Domicilio: Batalla de Carpinter\u00eda 385 Velatorio: 2 de enero \u2013 comienzo hora 8 Sala: N\u00ba 2 \u2013 19 de Abril 824 Sepelio: 2 de enero hora 10 Necr\u00f3polis de Durazno PREVISORA REGIONAL\u2013 Servicios F\u00daNEBRES Y CREMACI\u00d3N \u00danica Oficina de Atenci\u00f3n al P\u00fablico en [&hellip;]<\/p>\n","protected":false},"author":3,"featured_media":0,"comment_status":"open","ping_status":"open","sticky":false,"template":"","format":"standard","meta":{"footnotes":""},"categories":[1],"tags":[],"class_list":["post-4371","post","type-post","status-publish","format-standard","hentry","category-uncategorized"],"_links":{"self":[{"href":"https:\/\/necrologicas.duraznohoy.com\/index.php?rest_route=\/wp\/v2\/posts\/4371","targetHints":{"allow":["GET"]}}],"collection":[{"href":"https:\/\/necrologicas.duraznohoy.com\/index.php?rest_route=\/wp\/v2\/posts"}],"about":[{"href":"https:\/\/necrologicas.duraznohoy.com\/index.php?rest_route=\/wp\/v2\/types\/post"}],"author":[{"embeddable":true,"href":"https:\/\/necrologicas.duraznohoy.com\/index.php?rest_route=\/wp\/v2\/users\/3"}],"replies":[{"embeddable":true,"href":"https:\/\/necrologicas.duraznohoy.com\/index.php?rest_route=%2Fwp%2Fv2%2Fcomments&post=4371"}],"version-history":[{"count":1,"href":"https:\/\/necrologicas.duraznohoy.com\/index.php?rest_route=\/wp\/v2\/posts\/4371\/revisions"}],"predecessor-version":[{"id":4372,"href":"https:\/\/necrologicas.duraznohoy.com\/index.php?rest_route=\/wp\/v2\/posts\/4371\/revisions\/4372"}],"wp:attachment":[{"href":"https:\/\/necrologicas.duraznohoy.com\/index.php?rest_route=%2Fwp%2Fv2%2Fmedia&parent=4371"}],"wp:term":[{"taxonomy":"category","embeddable":true,"href":"https:\/\/necrologicas.duraznohoy.com\/index.php?rest_route=%2Fwp%2Fv2%2Fcategories&post=4371"},{"taxonomy":"post_tag","embeddable":true,"href":"https:\/\/necrologicas.duraznohoy.com\/index.php?rest_route=%2Fwp%2Fv2%2Ftags&post=4371"}],"curies":[{"name":"wp","href":"https:\/\/api.w.org\/{rel}","templated":true}]}}