{"id":4375,"date":"2025-01-07T09:39:02","date_gmt":"2025-01-07T12:39:02","guid":{"rendered":"https:\/\/necrologicas.duraznohoy.com\/?p=4375"},"modified":"2025-01-07T09:39:02","modified_gmt":"2025-01-07T12:39:02","slug":"juan-elizalde-rosano-pelado","status":"publish","type":"post","link":"https:\/\/necrologicas.duraznohoy.com\/?p=4375","title":{"rendered":"Juan Elizalde Rosano \u201cPelado\u201d"},"content":{"rendered":"<p>Falleci\u00f3 el 7 de enero de 2025<br \/>\nJuan Elizalde Rosano \u201cPelado\u201d<br \/>\nDomicilio: 4 de octubre 940<br \/>\nVelatorio: 7 de enero \u2013 comienzo hora 9<br \/>\nSala: N\u00ba 1 \u2013 19 de abril 824<br \/>\nSepelio: 7 de enero hora 11<br \/>\nNecr\u00f3polis de Durazno<br \/>\nPREVISORA REGIONAL\u2013 Servicios F\u00daNEBRES Y CREMACI\u00d3N<br \/>\n\u00danica Oficina de Atenci\u00f3n al P\u00fablico en Calle Zorrilla 736<br \/>\nCon el respaldo de Empresas Centrosur y Bazzi Hnos..<br \/>\nServicio comunicado por Empresa PREVISORA  REGIONAL <\/p>\n","protected":false},"excerpt":{"rendered":"<p>Falleci\u00f3 el 7 de enero de 2025 Juan Elizalde Rosano \u201cPelado\u201d Domicilio: 4 de octubre 940 Velatorio: 7 de enero \u2013 comienzo hora 9 Sala: N\u00ba 1 \u2013 19 de abril 824 Sepelio: 7 de enero hora 11 Necr\u00f3polis de Durazno PREVISORA REGIONAL\u2013 Servicios F\u00daNEBRES Y CREMACI\u00d3N \u00danica Oficina de Atenci\u00f3n al P\u00fablico en Calle [&hellip;]<\/p>\n","protected":false},"author":3,"featured_media":0,"comment_status":"open","ping_status":"open","sticky":false,"template":"","format":"standard","meta":{"footnotes":""},"categories":[1],"tags":[],"class_list":["post-4375","post","type-post","status-publish","format-standard","hentry","category-uncategorized"],"_links":{"self":[{"href":"https:\/\/necrologicas.duraznohoy.com\/index.php?rest_route=\/wp\/v2\/posts\/4375","targetHints":{"allow":["GET"]}}],"collection":[{"href":"https:\/\/necrologicas.duraznohoy.com\/index.php?rest_route=\/wp\/v2\/posts"}],"about":[{"href":"https:\/\/necrologicas.duraznohoy.com\/index.php?rest_route=\/wp\/v2\/types\/post"}],"author":[{"embeddable":true,"href":"https:\/\/necrologicas.duraznohoy.com\/index.php?rest_route=\/wp\/v2\/users\/3"}],"replies":[{"embeddable":true,"href":"https:\/\/necrologicas.duraznohoy.com\/index.php?rest_route=%2Fwp%2Fv2%2Fcomments&post=4375"}],"version-history":[{"count":1,"href":"https:\/\/necrologicas.duraznohoy.com\/index.php?rest_route=\/wp\/v2\/posts\/4375\/revisions"}],"predecessor-version":[{"id":4376,"href":"https:\/\/necrologicas.duraznohoy.com\/index.php?rest_route=\/wp\/v2\/posts\/4375\/revisions\/4376"}],"wp:attachment":[{"href":"https:\/\/necrologicas.duraznohoy.com\/index.php?rest_route=%2Fwp%2Fv2%2Fmedia&parent=4375"}],"wp:term":[{"taxonomy":"category","embeddable":true,"href":"https:\/\/necrologicas.duraznohoy.com\/index.php?rest_route=%2Fwp%2Fv2%2Fcategories&post=4375"},{"taxonomy":"post_tag","embeddable":true,"href":"https:\/\/necrologicas.duraznohoy.com\/index.php?rest_route=%2Fwp%2Fv2%2Ftags&post=4375"}],"curies":[{"name":"wp","href":"https:\/\/api.w.org\/{rel}","templated":true}]}}