{"id":4377,"date":"2025-01-07T20:55:25","date_gmt":"2025-01-07T23:55:25","guid":{"rendered":"https:\/\/necrologicas.duraznohoy.com\/?p=4377"},"modified":"2025-01-07T20:55:25","modified_gmt":"2025-01-07T23:55:25","slug":"maria-natalia-burgos-lujan-naty","status":"publish","type":"post","link":"https:\/\/necrologicas.duraznohoy.com\/?p=4377","title":{"rendered":"Maria Natalia Burgos Lujan \u201cNaty\u201d"},"content":{"rendered":"<p>Falleci\u00f3 Maria Natalia Burgos Lujan \u201cNaty\u201d<br \/>\nVelatorio: 8 de enero hora 8<br \/>\nSala N\u00ba 1 \u2013 19 de abril 824<br \/>\nSepelio: 8 de enero hora 11<br \/>\nNecr\u00f3polis de Durazno<br \/>\nPREVISORA REGIONAL\u2013 Servicios F\u00daNEBRES Y CREMACI\u00d3N<br \/>\n\u00danica Oficina de Atenci\u00f3n al P\u00fablico en Calle Zorrilla 736<br \/>\nCon el respaldo de Empresas Centrosur y Bazzi Hnos.. <\/p>\n","protected":false},"excerpt":{"rendered":"<p>Falleci\u00f3 Maria Natalia Burgos Lujan \u201cNaty\u201d Velatorio: 8 de enero hora 8 Sala N\u00ba 1 \u2013 19 de abril 824 Sepelio: 8 de enero hora 11 Necr\u00f3polis de Durazno PREVISORA REGIONAL\u2013 Servicios F\u00daNEBRES Y CREMACI\u00d3N \u00danica Oficina de Atenci\u00f3n al P\u00fablico en Calle Zorrilla 736 Con el respaldo de Empresas Centrosur y Bazzi Hnos..<\/p>\n","protected":false},"author":3,"featured_media":0,"comment_status":"open","ping_status":"open","sticky":false,"template":"","format":"standard","meta":{"footnotes":""},"categories":[1],"tags":[],"class_list":["post-4377","post","type-post","status-publish","format-standard","hentry","category-uncategorized"],"_links":{"self":[{"href":"https:\/\/necrologicas.duraznohoy.com\/index.php?rest_route=\/wp\/v2\/posts\/4377","targetHints":{"allow":["GET"]}}],"collection":[{"href":"https:\/\/necrologicas.duraznohoy.com\/index.php?rest_route=\/wp\/v2\/posts"}],"about":[{"href":"https:\/\/necrologicas.duraznohoy.com\/index.php?rest_route=\/wp\/v2\/types\/post"}],"author":[{"embeddable":true,"href":"https:\/\/necrologicas.duraznohoy.com\/index.php?rest_route=\/wp\/v2\/users\/3"}],"replies":[{"embeddable":true,"href":"https:\/\/necrologicas.duraznohoy.com\/index.php?rest_route=%2Fwp%2Fv2%2Fcomments&post=4377"}],"version-history":[{"count":1,"href":"https:\/\/necrologicas.duraznohoy.com\/index.php?rest_route=\/wp\/v2\/posts\/4377\/revisions"}],"predecessor-version":[{"id":4378,"href":"https:\/\/necrologicas.duraznohoy.com\/index.php?rest_route=\/wp\/v2\/posts\/4377\/revisions\/4378"}],"wp:attachment":[{"href":"https:\/\/necrologicas.duraznohoy.com\/index.php?rest_route=%2Fwp%2Fv2%2Fmedia&parent=4377"}],"wp:term":[{"taxonomy":"category","embeddable":true,"href":"https:\/\/necrologicas.duraznohoy.com\/index.php?rest_route=%2Fwp%2Fv2%2Fcategories&post=4377"},{"taxonomy":"post_tag","embeddable":true,"href":"https:\/\/necrologicas.duraznohoy.com\/index.php?rest_route=%2Fwp%2Fv2%2Ftags&post=4377"}],"curies":[{"name":"wp","href":"https:\/\/api.w.org\/{rel}","templated":true}]}}