{"id":4380,"date":"2025-01-08T11:02:13","date_gmt":"2025-01-08T14:02:13","guid":{"rendered":"https:\/\/necrologicas.duraznohoy.com\/?p=4380"},"modified":"2025-01-08T11:02:13","modified_gmt":"2025-01-08T14:02:13","slug":"graciela-hortencia-labat-rodriguez","status":"publish","type":"post","link":"https:\/\/necrologicas.duraznohoy.com\/?p=4380","title":{"rendered":"Graciela Hortencia Labat Rodriguez"},"content":{"rendered":"<p>Falleci\u00f3 el 7 de enero 2025<br \/>\nGraciela Hortencia Labat Rodriguez<br \/>\nDomicilio: Dr. Eduardo Villazan s\/n \u2013 Ciudad del Carmen<br \/>\nVelatorio: 8 de enero hora 13<br \/>\nSala: Rodolfo de Angelis s\/n<br \/>\nSepelio: 8 de enero hora 15<br \/>\nNecr\u00f3polis de Ciudad del Carmen<br \/>\nPREVISORA REGIONAL\u2013 Servicios F\u00daNEBRES Y CREMACI\u00d3N<br \/>\n\u00danica Oficina de Atenci\u00f3n al P\u00fablico en Calle Zorrilla 736<br \/>\nCon el respaldo de Empresas Centrosur y Bazzi Hnos.<\/p>\n","protected":false},"excerpt":{"rendered":"<p>Falleci\u00f3 el 7 de enero 2025 Graciela Hortencia Labat Rodriguez Domicilio: Dr. Eduardo Villazan s\/n \u2013 Ciudad del Carmen Velatorio: 8 de enero hora 13 Sala: Rodolfo de Angelis s\/n Sepelio: 8 de enero hora 15 Necr\u00f3polis de Ciudad del Carmen PREVISORA REGIONAL\u2013 Servicios F\u00daNEBRES Y CREMACI\u00d3N \u00danica Oficina de Atenci\u00f3n al P\u00fablico en Calle [&hellip;]<\/p>\n","protected":false},"author":3,"featured_media":0,"comment_status":"open","ping_status":"open","sticky":false,"template":"","format":"standard","meta":{"footnotes":""},"categories":[1],"tags":[],"class_list":["post-4380","post","type-post","status-publish","format-standard","hentry","category-uncategorized"],"_links":{"self":[{"href":"https:\/\/necrologicas.duraznohoy.com\/index.php?rest_route=\/wp\/v2\/posts\/4380","targetHints":{"allow":["GET"]}}],"collection":[{"href":"https:\/\/necrologicas.duraznohoy.com\/index.php?rest_route=\/wp\/v2\/posts"}],"about":[{"href":"https:\/\/necrologicas.duraznohoy.com\/index.php?rest_route=\/wp\/v2\/types\/post"}],"author":[{"embeddable":true,"href":"https:\/\/necrologicas.duraznohoy.com\/index.php?rest_route=\/wp\/v2\/users\/3"}],"replies":[{"embeddable":true,"href":"https:\/\/necrologicas.duraznohoy.com\/index.php?rest_route=%2Fwp%2Fv2%2Fcomments&post=4380"}],"version-history":[{"count":1,"href":"https:\/\/necrologicas.duraznohoy.com\/index.php?rest_route=\/wp\/v2\/posts\/4380\/revisions"}],"predecessor-version":[{"id":4381,"href":"https:\/\/necrologicas.duraznohoy.com\/index.php?rest_route=\/wp\/v2\/posts\/4380\/revisions\/4381"}],"wp:attachment":[{"href":"https:\/\/necrologicas.duraznohoy.com\/index.php?rest_route=%2Fwp%2Fv2%2Fmedia&parent=4380"}],"wp:term":[{"taxonomy":"category","embeddable":true,"href":"https:\/\/necrologicas.duraznohoy.com\/index.php?rest_route=%2Fwp%2Fv2%2Fcategories&post=4380"},{"taxonomy":"post_tag","embeddable":true,"href":"https:\/\/necrologicas.duraznohoy.com\/index.php?rest_route=%2Fwp%2Fv2%2Ftags&post=4380"}],"curies":[{"name":"wp","href":"https:\/\/api.w.org\/{rel}","templated":true}]}}