{"id":4384,"date":"2025-01-11T15:26:09","date_gmt":"2025-01-11T18:26:09","guid":{"rendered":"https:\/\/necrologicas.duraznohoy.com\/?p=4384"},"modified":"2025-01-11T15:26:09","modified_gmt":"2025-01-11T18:26:09","slug":"silvia-mabel-romero-ramirez","status":"publish","type":"post","link":"https:\/\/necrologicas.duraznohoy.com\/?p=4384","title":{"rendered":"Silvia Mabel Romero Ram\u00edrez"},"content":{"rendered":"<p>Falleci\u00f3 el 10 de enero de 2025<br \/>\nSilvia Mabel Romero Ram\u00edrez<br \/>\nDomicilio: Barrio Varona \u2013 Vivienda N\u00b0 45<br \/>\nVelatorio: 12 de enero \u2013 comienzo hora 8<br \/>\nSala: N\u00ba 2 \u2013 19 de abril 824<br \/>\nSepelio: 12 de enero hora 10<br \/>\nNecr\u00f3polis de Durazno<br \/>\n PREVISORA REGIONAL\u2013 Servicios F\u00daNEBRES Y CREMACI\u00d3N<br \/>\n\u00danica Oficina de Atenci\u00f3n al P\u00fablico en Calle Zorrilla 736<br \/>\nCon el respaldo de Empresas Centrosur y Bazzi Hnos..<br \/>\nServicio comunicado por Empresa PREVISORA  REGIONAL <\/p>\n","protected":false},"excerpt":{"rendered":"<p>Falleci\u00f3 el 10 de enero de 2025 Silvia Mabel Romero Ram\u00edrez Domicilio: Barrio Varona \u2013 Vivienda N\u00b0 45 Velatorio: 12 de enero \u2013 comienzo hora 8 Sala: N\u00ba 2 \u2013 19 de abril 824 Sepelio: 12 de enero hora 10 Necr\u00f3polis de Durazno PREVISORA REGIONAL\u2013 Servicios F\u00daNEBRES Y CREMACI\u00d3N \u00danica Oficina de Atenci\u00f3n al P\u00fablico [&hellip;]<\/p>\n","protected":false},"author":3,"featured_media":0,"comment_status":"open","ping_status":"open","sticky":false,"template":"","format":"standard","meta":{"footnotes":""},"categories":[1],"tags":[],"class_list":["post-4384","post","type-post","status-publish","format-standard","hentry","category-uncategorized"],"_links":{"self":[{"href":"https:\/\/necrologicas.duraznohoy.com\/index.php?rest_route=\/wp\/v2\/posts\/4384","targetHints":{"allow":["GET"]}}],"collection":[{"href":"https:\/\/necrologicas.duraznohoy.com\/index.php?rest_route=\/wp\/v2\/posts"}],"about":[{"href":"https:\/\/necrologicas.duraznohoy.com\/index.php?rest_route=\/wp\/v2\/types\/post"}],"author":[{"embeddable":true,"href":"https:\/\/necrologicas.duraznohoy.com\/index.php?rest_route=\/wp\/v2\/users\/3"}],"replies":[{"embeddable":true,"href":"https:\/\/necrologicas.duraznohoy.com\/index.php?rest_route=%2Fwp%2Fv2%2Fcomments&post=4384"}],"version-history":[{"count":1,"href":"https:\/\/necrologicas.duraznohoy.com\/index.php?rest_route=\/wp\/v2\/posts\/4384\/revisions"}],"predecessor-version":[{"id":4385,"href":"https:\/\/necrologicas.duraznohoy.com\/index.php?rest_route=\/wp\/v2\/posts\/4384\/revisions\/4385"}],"wp:attachment":[{"href":"https:\/\/necrologicas.duraznohoy.com\/index.php?rest_route=%2Fwp%2Fv2%2Fmedia&parent=4384"}],"wp:term":[{"taxonomy":"category","embeddable":true,"href":"https:\/\/necrologicas.duraznohoy.com\/index.php?rest_route=%2Fwp%2Fv2%2Fcategories&post=4384"},{"taxonomy":"post_tag","embeddable":true,"href":"https:\/\/necrologicas.duraznohoy.com\/index.php?rest_route=%2Fwp%2Fv2%2Ftags&post=4384"}],"curies":[{"name":"wp","href":"https:\/\/api.w.org\/{rel}","templated":true}]}}