{"id":4388,"date":"2025-01-13T08:36:22","date_gmt":"2025-01-13T11:36:22","guid":{"rendered":"https:\/\/necrologicas.duraznohoy.com\/?p=4388"},"modified":"2025-01-13T08:36:22","modified_gmt":"2025-01-13T11:36:22","slug":"raul-omar-quijano-caballero","status":"publish","type":"post","link":"https:\/\/necrologicas.duraznohoy.com\/?p=4388","title":{"rendered":"Ra\u00fal Omar Quijano Caballero"},"content":{"rendered":"<p>Falleci\u00f3 el 12 de enero de 2025<br \/>\nRa\u00fal Omar Quijano Caballero<br \/>\nDomicilio: Alba\u00f1iles S\/N<br \/>\nVelatorio: No se realiza<br \/>\nSepelio: 12 de enero hora 13<br \/>\nNecr\u00f3polis de Durazno<br \/>\nConvenio: ANDA<br \/>\nPREVISORA REGIONAL\u2013 Servicios F\u00daNEBRES Y CREMACI\u00d3N<br \/>\n\u00danica Oficina de Atenci\u00f3n al P\u00fablico en Calle Zorrilla 736<br \/>\nCon el respaldo de Empresas Centrosur y Bazzi Hnos.<\/p>\n","protected":false},"excerpt":{"rendered":"<p>Falleci\u00f3 el 12 de enero de 2025 Ra\u00fal Omar Quijano Caballero Domicilio: Alba\u00f1iles S\/N Velatorio: No se realiza Sepelio: 12 de enero hora 13 Necr\u00f3polis de Durazno Convenio: ANDA PREVISORA REGIONAL\u2013 Servicios F\u00daNEBRES Y CREMACI\u00d3N \u00danica Oficina de Atenci\u00f3n al P\u00fablico en Calle Zorrilla 736 Con el respaldo de Empresas Centrosur y Bazzi Hnos.<\/p>\n","protected":false},"author":3,"featured_media":0,"comment_status":"open","ping_status":"open","sticky":false,"template":"","format":"standard","meta":{"footnotes":""},"categories":[1],"tags":[],"class_list":["post-4388","post","type-post","status-publish","format-standard","hentry","category-uncategorized"],"_links":{"self":[{"href":"https:\/\/necrologicas.duraznohoy.com\/index.php?rest_route=\/wp\/v2\/posts\/4388","targetHints":{"allow":["GET"]}}],"collection":[{"href":"https:\/\/necrologicas.duraznohoy.com\/index.php?rest_route=\/wp\/v2\/posts"}],"about":[{"href":"https:\/\/necrologicas.duraznohoy.com\/index.php?rest_route=\/wp\/v2\/types\/post"}],"author":[{"embeddable":true,"href":"https:\/\/necrologicas.duraznohoy.com\/index.php?rest_route=\/wp\/v2\/users\/3"}],"replies":[{"embeddable":true,"href":"https:\/\/necrologicas.duraznohoy.com\/index.php?rest_route=%2Fwp%2Fv2%2Fcomments&post=4388"}],"version-history":[{"count":1,"href":"https:\/\/necrologicas.duraznohoy.com\/index.php?rest_route=\/wp\/v2\/posts\/4388\/revisions"}],"predecessor-version":[{"id":4389,"href":"https:\/\/necrologicas.duraznohoy.com\/index.php?rest_route=\/wp\/v2\/posts\/4388\/revisions\/4389"}],"wp:attachment":[{"href":"https:\/\/necrologicas.duraznohoy.com\/index.php?rest_route=%2Fwp%2Fv2%2Fmedia&parent=4388"}],"wp:term":[{"taxonomy":"category","embeddable":true,"href":"https:\/\/necrologicas.duraznohoy.com\/index.php?rest_route=%2Fwp%2Fv2%2Fcategories&post=4388"},{"taxonomy":"post_tag","embeddable":true,"href":"https:\/\/necrologicas.duraznohoy.com\/index.php?rest_route=%2Fwp%2Fv2%2Ftags&post=4388"}],"curies":[{"name":"wp","href":"https:\/\/api.w.org\/{rel}","templated":true}]}}