{"id":4393,"date":"2025-01-16T13:32:39","date_gmt":"2025-01-16T16:32:39","guid":{"rendered":"https:\/\/necrologicas.duraznohoy.com\/?p=4393"},"modified":"2025-01-16T13:32:39","modified_gmt":"2025-01-16T16:32:39","slug":"ismael-carrizo-filippini-gorrion","status":"publish","type":"post","link":"https:\/\/necrologicas.duraznohoy.com\/?p=4393","title":{"rendered":"Ismael Carrizo Filippini \u201cGorri\u00f3n\u201d"},"content":{"rendered":"<p>Falleci\u00f3 el 16 de enero de 2025<br \/>\nIsmael Carrizo Filippini \u201cGorri\u00f3n\u201d<br \/>\nDomicilio: Juan Bautista de Le\u00f3n 219<br \/>\nVelatorio: 16 de enero de 12 a 14 horas<br \/>\nSala: N\u00ba 2 \u2013 19 de Abril 824<br \/>\nCremaci\u00f3n: hora a confirmar<br \/>\nCrematorio Durazno<br \/>\nConvenio Cooperativa CASH<br \/>\nPREVISORA REGIONAL\u2013 Servicios F\u00daNEBRES Y CREMACI\u00d3N<br \/>\n\u00danica Oficina de Atenci\u00f3n al P\u00fablico en Calle Zorrilla 736<br \/>\nCon el respaldo de Empresas Centrosur y Bazzi Hnos.. <\/p>\n","protected":false},"excerpt":{"rendered":"<p>Falleci\u00f3 el 16 de enero de 2025 Ismael Carrizo Filippini \u201cGorri\u00f3n\u201d Domicilio: Juan Bautista de Le\u00f3n 219 Velatorio: 16 de enero de 12 a 14 horas Sala: N\u00ba 2 \u2013 19 de Abril 824 Cremaci\u00f3n: hora a confirmar Crematorio Durazno Convenio Cooperativa CASH PREVISORA REGIONAL\u2013 Servicios F\u00daNEBRES Y CREMACI\u00d3N \u00danica Oficina de Atenci\u00f3n al P\u00fablico [&hellip;]<\/p>\n","protected":false},"author":3,"featured_media":0,"comment_status":"open","ping_status":"open","sticky":false,"template":"","format":"standard","meta":{"footnotes":""},"categories":[1],"tags":[],"class_list":["post-4393","post","type-post","status-publish","format-standard","hentry","category-uncategorized"],"_links":{"self":[{"href":"https:\/\/necrologicas.duraznohoy.com\/index.php?rest_route=\/wp\/v2\/posts\/4393","targetHints":{"allow":["GET"]}}],"collection":[{"href":"https:\/\/necrologicas.duraznohoy.com\/index.php?rest_route=\/wp\/v2\/posts"}],"about":[{"href":"https:\/\/necrologicas.duraznohoy.com\/index.php?rest_route=\/wp\/v2\/types\/post"}],"author":[{"embeddable":true,"href":"https:\/\/necrologicas.duraznohoy.com\/index.php?rest_route=\/wp\/v2\/users\/3"}],"replies":[{"embeddable":true,"href":"https:\/\/necrologicas.duraznohoy.com\/index.php?rest_route=%2Fwp%2Fv2%2Fcomments&post=4393"}],"version-history":[{"count":1,"href":"https:\/\/necrologicas.duraznohoy.com\/index.php?rest_route=\/wp\/v2\/posts\/4393\/revisions"}],"predecessor-version":[{"id":4394,"href":"https:\/\/necrologicas.duraznohoy.com\/index.php?rest_route=\/wp\/v2\/posts\/4393\/revisions\/4394"}],"wp:attachment":[{"href":"https:\/\/necrologicas.duraznohoy.com\/index.php?rest_route=%2Fwp%2Fv2%2Fmedia&parent=4393"}],"wp:term":[{"taxonomy":"category","embeddable":true,"href":"https:\/\/necrologicas.duraznohoy.com\/index.php?rest_route=%2Fwp%2Fv2%2Fcategories&post=4393"},{"taxonomy":"post_tag","embeddable":true,"href":"https:\/\/necrologicas.duraznohoy.com\/index.php?rest_route=%2Fwp%2Fv2%2Ftags&post=4393"}],"curies":[{"name":"wp","href":"https:\/\/api.w.org\/{rel}","templated":true}]}}