{"id":4395,"date":"2025-01-17T00:01:04","date_gmt":"2025-01-17T03:01:04","guid":{"rendered":"https:\/\/necrologicas.duraznohoy.com\/?p=4395"},"modified":"2025-01-17T00:01:04","modified_gmt":"2025-01-17T03:01:04","slug":"gladys-margot-alzamendi-piquinela-coca","status":"publish","type":"post","link":"https:\/\/necrologicas.duraznohoy.com\/?p=4395","title":{"rendered":"Gladys Margot Alzamendi Piquinela \u201cCoca\u201d"},"content":{"rendered":"<p>Falleci\u00f3 el 16 de enero de 2025<br \/>\nGladys Margot Alzamendi Piquinela \u201cCoca\u201d<br \/>\nDomicilio: Eusebio P\u00edriz 1029<br \/>\nVelatorio: 17 de enero de 9 hs a 11 hs<br \/>\nSala: 3 \u2013 Baltasar Brum 428<br \/>\nSepelio: 17 de enero hora 11<br \/>\nNecr\u00f3polis de Durazno<br \/>\nConvenio: Tutela Policial<br \/>\nPREVISORA REGIONAL\u2013 Servicios F\u00daNEBRES Y CREMACI\u00d3N<br \/>\n\u00danica Oficina de Atenci\u00f3n al P\u00fablico en Calle Zorrilla 736<br \/>\nCon el respaldo de Empresas Centrosur y Bazzi Hnos.. <\/p>\n","protected":false},"excerpt":{"rendered":"<p>Falleci\u00f3 el 16 de enero de 2025 Gladys Margot Alzamendi Piquinela \u201cCoca\u201d Domicilio: Eusebio P\u00edriz 1029 Velatorio: 17 de enero de 9 hs a 11 hs Sala: 3 \u2013 Baltasar Brum 428 Sepelio: 17 de enero hora 11 Necr\u00f3polis de Durazno Convenio: Tutela Policial PREVISORA REGIONAL\u2013 Servicios F\u00daNEBRES Y CREMACI\u00d3N \u00danica Oficina de Atenci\u00f3n al [&hellip;]<\/p>\n","protected":false},"author":3,"featured_media":0,"comment_status":"open","ping_status":"open","sticky":false,"template":"","format":"standard","meta":{"footnotes":""},"categories":[1],"tags":[],"class_list":["post-4395","post","type-post","status-publish","format-standard","hentry","category-uncategorized"],"_links":{"self":[{"href":"https:\/\/necrologicas.duraznohoy.com\/index.php?rest_route=\/wp\/v2\/posts\/4395","targetHints":{"allow":["GET"]}}],"collection":[{"href":"https:\/\/necrologicas.duraznohoy.com\/index.php?rest_route=\/wp\/v2\/posts"}],"about":[{"href":"https:\/\/necrologicas.duraznohoy.com\/index.php?rest_route=\/wp\/v2\/types\/post"}],"author":[{"embeddable":true,"href":"https:\/\/necrologicas.duraznohoy.com\/index.php?rest_route=\/wp\/v2\/users\/3"}],"replies":[{"embeddable":true,"href":"https:\/\/necrologicas.duraznohoy.com\/index.php?rest_route=%2Fwp%2Fv2%2Fcomments&post=4395"}],"version-history":[{"count":1,"href":"https:\/\/necrologicas.duraznohoy.com\/index.php?rest_route=\/wp\/v2\/posts\/4395\/revisions"}],"predecessor-version":[{"id":4396,"href":"https:\/\/necrologicas.duraznohoy.com\/index.php?rest_route=\/wp\/v2\/posts\/4395\/revisions\/4396"}],"wp:attachment":[{"href":"https:\/\/necrologicas.duraznohoy.com\/index.php?rest_route=%2Fwp%2Fv2%2Fmedia&parent=4395"}],"wp:term":[{"taxonomy":"category","embeddable":true,"href":"https:\/\/necrologicas.duraznohoy.com\/index.php?rest_route=%2Fwp%2Fv2%2Fcategories&post=4395"},{"taxonomy":"post_tag","embeddable":true,"href":"https:\/\/necrologicas.duraznohoy.com\/index.php?rest_route=%2Fwp%2Fv2%2Ftags&post=4395"}],"curies":[{"name":"wp","href":"https:\/\/api.w.org\/{rel}","templated":true}]}}