{"id":4403,"date":"2025-01-22T18:03:08","date_gmt":"2025-01-22T21:03:08","guid":{"rendered":"https:\/\/necrologicas.duraznohoy.com\/?p=4403"},"modified":"2025-01-22T18:03:08","modified_gmt":"2025-01-22T21:03:08","slug":"evert-ricardo-dorado-rimoldi","status":"publish","type":"post","link":"https:\/\/necrologicas.duraznohoy.com\/?p=4403","title":{"rendered":"Evert Ricardo Dorado Rimoldi"},"content":{"rendered":"<p>Falleci\u00f3 el 22 de enero de 2025<br \/>\nEvert Ricardo Dorado Rimoldi<br \/>\nVelatorio de 17.00 a 19.00 horas en la sala del Jard\u00edn de Durazno.<br \/>\nCremaci\u00f3n: 23 de enero hora a confirmar<\/p>\n","protected":false},"excerpt":{"rendered":"<p>Falleci\u00f3 el 22 de enero de 2025 Evert Ricardo Dorado Rimoldi Velatorio de 17.00 a 19.00 horas en la sala del Jard\u00edn de Durazno. Cremaci\u00f3n: 23 de enero hora a confirmar<\/p>\n","protected":false},"author":3,"featured_media":0,"comment_status":"open","ping_status":"open","sticky":false,"template":"","format":"standard","meta":{"footnotes":""},"categories":[1],"tags":[],"class_list":["post-4403","post","type-post","status-publish","format-standard","hentry","category-uncategorized"],"_links":{"self":[{"href":"https:\/\/necrologicas.duraznohoy.com\/index.php?rest_route=\/wp\/v2\/posts\/4403","targetHints":{"allow":["GET"]}}],"collection":[{"href":"https:\/\/necrologicas.duraznohoy.com\/index.php?rest_route=\/wp\/v2\/posts"}],"about":[{"href":"https:\/\/necrologicas.duraznohoy.com\/index.php?rest_route=\/wp\/v2\/types\/post"}],"author":[{"embeddable":true,"href":"https:\/\/necrologicas.duraznohoy.com\/index.php?rest_route=\/wp\/v2\/users\/3"}],"replies":[{"embeddable":true,"href":"https:\/\/necrologicas.duraznohoy.com\/index.php?rest_route=%2Fwp%2Fv2%2Fcomments&post=4403"}],"version-history":[{"count":1,"href":"https:\/\/necrologicas.duraznohoy.com\/index.php?rest_route=\/wp\/v2\/posts\/4403\/revisions"}],"predecessor-version":[{"id":4404,"href":"https:\/\/necrologicas.duraznohoy.com\/index.php?rest_route=\/wp\/v2\/posts\/4403\/revisions\/4404"}],"wp:attachment":[{"href":"https:\/\/necrologicas.duraznohoy.com\/index.php?rest_route=%2Fwp%2Fv2%2Fmedia&parent=4403"}],"wp:term":[{"taxonomy":"category","embeddable":true,"href":"https:\/\/necrologicas.duraznohoy.com\/index.php?rest_route=%2Fwp%2Fv2%2Fcategories&post=4403"},{"taxonomy":"post_tag","embeddable":true,"href":"https:\/\/necrologicas.duraznohoy.com\/index.php?rest_route=%2Fwp%2Fv2%2Ftags&post=4403"}],"curies":[{"name":"wp","href":"https:\/\/api.w.org\/{rel}","templated":true}]}}