{"id":4408,"date":"2025-01-24T06:17:51","date_gmt":"2025-01-24T09:17:51","guid":{"rendered":"https:\/\/necrologicas.duraznohoy.com\/?p=4408"},"modified":"2025-01-24T06:17:51","modified_gmt":"2025-01-24T09:17:51","slug":"jorge-eduardosalcedo-guadalupe","status":"publish","type":"post","link":"https:\/\/necrologicas.duraznohoy.com\/?p=4408","title":{"rendered":"Jorge EduardoSalcedo Guadalupe"},"content":{"rendered":"<p>Falleci\u00f3 el 23 de enero de 2025<br \/>\nJorge EduardoSalcedo Guadalupe<br \/>\nDomicilio: Charr\u00faa 373<br \/>\nVelatorio: 24 de enero de 12 a 14 horas<br \/>\nSala: N\u00ba 1 \u2013 19 de Abril 824<br \/>\nCremaci\u00f3n: hora a confirmar<br \/>\nCrematorio Durazno<br \/>\nPREVISORA REGIONAL\u2013 Servicios F\u00daNEBRES Y CREMACI\u00d3N<br \/>\n\u00danica Oficina de Atenci\u00f3n al P\u00fablico en Calle Zorrilla 736<br \/>\nCon el respaldo de Empresas Centrosur y Bazzi Hnos.. <\/p>\n","protected":false},"excerpt":{"rendered":"<p>Falleci\u00f3 el 23 de enero de 2025 Jorge EduardoSalcedo Guadalupe Domicilio: Charr\u00faa 373 Velatorio: 24 de enero de 12 a 14 horas Sala: N\u00ba 1 \u2013 19 de Abril 824 Cremaci\u00f3n: hora a confirmar Crematorio Durazno PREVISORA REGIONAL\u2013 Servicios F\u00daNEBRES Y CREMACI\u00d3N \u00danica Oficina de Atenci\u00f3n al P\u00fablico en Calle Zorrilla 736 Con el respaldo [&hellip;]<\/p>\n","protected":false},"author":3,"featured_media":0,"comment_status":"open","ping_status":"open","sticky":false,"template":"","format":"standard","meta":{"footnotes":""},"categories":[1],"tags":[],"class_list":["post-4408","post","type-post","status-publish","format-standard","hentry","category-uncategorized"],"_links":{"self":[{"href":"https:\/\/necrologicas.duraznohoy.com\/index.php?rest_route=\/wp\/v2\/posts\/4408","targetHints":{"allow":["GET"]}}],"collection":[{"href":"https:\/\/necrologicas.duraznohoy.com\/index.php?rest_route=\/wp\/v2\/posts"}],"about":[{"href":"https:\/\/necrologicas.duraznohoy.com\/index.php?rest_route=\/wp\/v2\/types\/post"}],"author":[{"embeddable":true,"href":"https:\/\/necrologicas.duraznohoy.com\/index.php?rest_route=\/wp\/v2\/users\/3"}],"replies":[{"embeddable":true,"href":"https:\/\/necrologicas.duraznohoy.com\/index.php?rest_route=%2Fwp%2Fv2%2Fcomments&post=4408"}],"version-history":[{"count":1,"href":"https:\/\/necrologicas.duraznohoy.com\/index.php?rest_route=\/wp\/v2\/posts\/4408\/revisions"}],"predecessor-version":[{"id":4409,"href":"https:\/\/necrologicas.duraznohoy.com\/index.php?rest_route=\/wp\/v2\/posts\/4408\/revisions\/4409"}],"wp:attachment":[{"href":"https:\/\/necrologicas.duraznohoy.com\/index.php?rest_route=%2Fwp%2Fv2%2Fmedia&parent=4408"}],"wp:term":[{"taxonomy":"category","embeddable":true,"href":"https:\/\/necrologicas.duraznohoy.com\/index.php?rest_route=%2Fwp%2Fv2%2Fcategories&post=4408"},{"taxonomy":"post_tag","embeddable":true,"href":"https:\/\/necrologicas.duraznohoy.com\/index.php?rest_route=%2Fwp%2Fv2%2Ftags&post=4408"}],"curies":[{"name":"wp","href":"https:\/\/api.w.org\/{rel}","templated":true}]}}