{"id":4411,"date":"2025-01-24T19:15:02","date_gmt":"2025-01-24T22:15:02","guid":{"rendered":"https:\/\/necrologicas.duraznohoy.com\/?p=4411"},"modified":"2025-01-24T19:15:44","modified_gmt":"2025-01-24T22:15:44","slug":"ana-maria-bonfrisco-hernandez-de-munoz","status":"publish","type":"post","link":"https:\/\/necrologicas.duraznohoy.com\/?p=4411","title":{"rendered":"Ana Mar\u00eda Bonfrisco Hern\u00e1ndez de Mu\u00f1oz"},"content":{"rendered":"<p>Falleci\u00f3 el 24 de enero de 2025<br \/>\n<span style=\"color: #ffffff;\"><strong>(Q.E.P.D) &#8211; Ana Mar\u00eda Bonfrisco Hern\u00e1ndez de Mu\u00f1oz<\/strong><\/span><br \/>\nDomicilio: Petrona Tuboras 34<br \/>\nVelatorio: 24 de enero \u2013 comienzo hora 13<br \/>\nSala: N\u00ba 2 \u2013 19 de Abril 824<br \/>\nSepelio: 24 de enero hora 15<br \/>\nNecr\u00f3polis de Durazno<br \/>\nConvenio : Tutela Policial<\/p>\n<p>PREVISORA REGIONAL \u2013 Servicios F\u00daNEBRES Y CREMACI\u00d3N. \u00danica Oficina de Atenci\u00f3n al P\u00fablico en Calle Zorrilla 736. Con el respaldo de Empresas Centrosur y Bazzi Hnos. 08008750 \/ 4362-6688 \/ 43622342\/ 43622046.<\/p>\n","protected":false},"excerpt":{"rendered":"<p>Falleci\u00f3 el 24 de enero de 2025 (Q.E.P.D) &#8211; Ana Mar\u00eda Bonfrisco Hern\u00e1ndez de Mu\u00f1oz Domicilio: Petrona Tuboras 34 Velatorio: 24 de enero \u2013 comienzo hora 13 Sala: N\u00ba 2 \u2013 19 de Abril 824 Sepelio: 24 de enero hora 15 Necr\u00f3polis de Durazno Convenio : Tutela Policial PREVISORA REGIONAL \u2013 Servicios F\u00daNEBRES Y CREMACI\u00d3N. [&hellip;]<\/p>\n","protected":false},"author":2,"featured_media":0,"comment_status":"open","ping_status":"open","sticky":false,"template":"","format":"standard","meta":{"footnotes":""},"categories":[1],"tags":[],"class_list":["post-4411","post","type-post","status-publish","format-standard","hentry","category-uncategorized"],"_links":{"self":[{"href":"https:\/\/necrologicas.duraznohoy.com\/index.php?rest_route=\/wp\/v2\/posts\/4411","targetHints":{"allow":["GET"]}}],"collection":[{"href":"https:\/\/necrologicas.duraznohoy.com\/index.php?rest_route=\/wp\/v2\/posts"}],"about":[{"href":"https:\/\/necrologicas.duraznohoy.com\/index.php?rest_route=\/wp\/v2\/types\/post"}],"author":[{"embeddable":true,"href":"https:\/\/necrologicas.duraznohoy.com\/index.php?rest_route=\/wp\/v2\/users\/2"}],"replies":[{"embeddable":true,"href":"https:\/\/necrologicas.duraznohoy.com\/index.php?rest_route=%2Fwp%2Fv2%2Fcomments&post=4411"}],"version-history":[{"count":2,"href":"https:\/\/necrologicas.duraznohoy.com\/index.php?rest_route=\/wp\/v2\/posts\/4411\/revisions"}],"predecessor-version":[{"id":4413,"href":"https:\/\/necrologicas.duraznohoy.com\/index.php?rest_route=\/wp\/v2\/posts\/4411\/revisions\/4413"}],"wp:attachment":[{"href":"https:\/\/necrologicas.duraznohoy.com\/index.php?rest_route=%2Fwp%2Fv2%2Fmedia&parent=4411"}],"wp:term":[{"taxonomy":"category","embeddable":true,"href":"https:\/\/necrologicas.duraznohoy.com\/index.php?rest_route=%2Fwp%2Fv2%2Fcategories&post=4411"},{"taxonomy":"post_tag","embeddable":true,"href":"https:\/\/necrologicas.duraznohoy.com\/index.php?rest_route=%2Fwp%2Fv2%2Ftags&post=4411"}],"curies":[{"name":"wp","href":"https:\/\/api.w.org\/{rel}","templated":true}]}}