{"id":4414,"date":"2025-01-25T16:18:12","date_gmt":"2025-01-25T19:18:12","guid":{"rendered":"https:\/\/necrologicas.duraznohoy.com\/?p=4414"},"modified":"2025-01-25T16:18:12","modified_gmt":"2025-01-25T19:18:12","slug":"pablo-maria-michelena-gonzalez","status":"publish","type":"post","link":"https:\/\/necrologicas.duraznohoy.com\/?p=4414","title":{"rendered":"Pablo Mar\u00eda Michelena Gonz\u00e1lez"},"content":{"rendered":"<p>Falleci\u00f3 el 25 de enero de 2025<br \/>\nPablo Mar\u00eda Michelena Gonz\u00e1lez<br \/>\nDomicilio: Lavalleja 827<br \/>\nVelatorio 26 de enero, comienzo hora 9.00 \u2013 Sala No. 3 de Baltasar Brum 428<br \/>\nSepelio: 26 de enero hora 12 \u2013 Necr\u00f3polis de Durazno<br \/>\nPrevisora Regional \u2013 Servicios F\u00fanebres y Cremaciones, \u00fanica oficina de atenci\u00f3n al p\u00fablico en calle Zorrilla 736. Con el respaldo de Empresas Centrosur y Bazzi Hnos.<\/p>\n","protected":false},"excerpt":{"rendered":"<p>Falleci\u00f3 el 25 de enero de 2025 Pablo Mar\u00eda Michelena Gonz\u00e1lez Domicilio: Lavalleja 827 Velatorio 26 de enero, comienzo hora 9.00 \u2013 Sala No. 3 de Baltasar Brum 428 Sepelio: 26 de enero hora 12 \u2013 Necr\u00f3polis de Durazno Previsora Regional \u2013 Servicios F\u00fanebres y Cremaciones, \u00fanica oficina de atenci\u00f3n al p\u00fablico en calle Zorrilla [&hellip;]<\/p>\n","protected":false},"author":3,"featured_media":0,"comment_status":"open","ping_status":"open","sticky":false,"template":"","format":"standard","meta":{"footnotes":""},"categories":[1],"tags":[],"class_list":["post-4414","post","type-post","status-publish","format-standard","hentry","category-uncategorized"],"_links":{"self":[{"href":"https:\/\/necrologicas.duraznohoy.com\/index.php?rest_route=\/wp\/v2\/posts\/4414","targetHints":{"allow":["GET"]}}],"collection":[{"href":"https:\/\/necrologicas.duraznohoy.com\/index.php?rest_route=\/wp\/v2\/posts"}],"about":[{"href":"https:\/\/necrologicas.duraznohoy.com\/index.php?rest_route=\/wp\/v2\/types\/post"}],"author":[{"embeddable":true,"href":"https:\/\/necrologicas.duraznohoy.com\/index.php?rest_route=\/wp\/v2\/users\/3"}],"replies":[{"embeddable":true,"href":"https:\/\/necrologicas.duraznohoy.com\/index.php?rest_route=%2Fwp%2Fv2%2Fcomments&post=4414"}],"version-history":[{"count":1,"href":"https:\/\/necrologicas.duraznohoy.com\/index.php?rest_route=\/wp\/v2\/posts\/4414\/revisions"}],"predecessor-version":[{"id":4415,"href":"https:\/\/necrologicas.duraznohoy.com\/index.php?rest_route=\/wp\/v2\/posts\/4414\/revisions\/4415"}],"wp:attachment":[{"href":"https:\/\/necrologicas.duraznohoy.com\/index.php?rest_route=%2Fwp%2Fv2%2Fmedia&parent=4414"}],"wp:term":[{"taxonomy":"category","embeddable":true,"href":"https:\/\/necrologicas.duraznohoy.com\/index.php?rest_route=%2Fwp%2Fv2%2Fcategories&post=4414"},{"taxonomy":"post_tag","embeddable":true,"href":"https:\/\/necrologicas.duraznohoy.com\/index.php?rest_route=%2Fwp%2Fv2%2Ftags&post=4414"}],"curies":[{"name":"wp","href":"https:\/\/api.w.org\/{rel}","templated":true}]}}