{"id":4427,"date":"2025-01-27T07:29:11","date_gmt":"2025-01-27T10:29:11","guid":{"rendered":"https:\/\/necrologicas.duraznohoy.com\/?p=4427"},"modified":"2025-01-27T07:29:11","modified_gmt":"2025-01-27T10:29:11","slug":"alejandro-juvenal-fernandez-faira-cacho","status":"publish","type":"post","link":"https:\/\/necrologicas.duraznohoy.com\/?p=4427","title":{"rendered":"Alejandro Juvenal Fern\u00e1ndez Faira \u201cCacho\u201d"},"content":{"rendered":"<p>Falleci\u00f3 el 26 de enero de 2025<br \/>\nAlejandro Juvenal Fern\u00e1ndez Faira \u201cCacho\u201d<br \/>\nDomicilio: Alburquerque 97<br \/>\nVelatorio: 27 de enero \u2013 comienzo hora 9<br \/>\nSala: N\u00ba 2 \u2013 19 de Abril 824<br \/>\nSepelio: 27 de enero hora 11<br \/>\nNecr\u00f3polis de Durazno<br \/>\nPREVISORA REGIONAL\u2013 Servicios F\u00daNEBRES Y CREMACI\u00d3N<br \/>\n\u00danica Oficina de Atenci\u00f3n al P\u00fablico en Calle Zorrilla 736<br \/>\nCon el respaldo de Empresas Centrosur y Bazzi Hnos.. <\/p>\n","protected":false},"excerpt":{"rendered":"<p>Falleci\u00f3 el 26 de enero de 2025 Alejandro Juvenal Fern\u00e1ndez Faira \u201cCacho\u201d Domicilio: Alburquerque 97 Velatorio: 27 de enero \u2013 comienzo hora 9 Sala: N\u00ba 2 \u2013 19 de Abril 824 Sepelio: 27 de enero hora 11 Necr\u00f3polis de Durazno PREVISORA REGIONAL\u2013 Servicios F\u00daNEBRES Y CREMACI\u00d3N \u00danica Oficina de Atenci\u00f3n al P\u00fablico en Calle Zorrilla [&hellip;]<\/p>\n","protected":false},"author":3,"featured_media":0,"comment_status":"open","ping_status":"open","sticky":false,"template":"","format":"standard","meta":{"footnotes":""},"categories":[1],"tags":[],"class_list":["post-4427","post","type-post","status-publish","format-standard","hentry","category-uncategorized"],"_links":{"self":[{"href":"https:\/\/necrologicas.duraznohoy.com\/index.php?rest_route=\/wp\/v2\/posts\/4427","targetHints":{"allow":["GET"]}}],"collection":[{"href":"https:\/\/necrologicas.duraznohoy.com\/index.php?rest_route=\/wp\/v2\/posts"}],"about":[{"href":"https:\/\/necrologicas.duraznohoy.com\/index.php?rest_route=\/wp\/v2\/types\/post"}],"author":[{"embeddable":true,"href":"https:\/\/necrologicas.duraznohoy.com\/index.php?rest_route=\/wp\/v2\/users\/3"}],"replies":[{"embeddable":true,"href":"https:\/\/necrologicas.duraznohoy.com\/index.php?rest_route=%2Fwp%2Fv2%2Fcomments&post=4427"}],"version-history":[{"count":1,"href":"https:\/\/necrologicas.duraznohoy.com\/index.php?rest_route=\/wp\/v2\/posts\/4427\/revisions"}],"predecessor-version":[{"id":4428,"href":"https:\/\/necrologicas.duraznohoy.com\/index.php?rest_route=\/wp\/v2\/posts\/4427\/revisions\/4428"}],"wp:attachment":[{"href":"https:\/\/necrologicas.duraznohoy.com\/index.php?rest_route=%2Fwp%2Fv2%2Fmedia&parent=4427"}],"wp:term":[{"taxonomy":"category","embeddable":true,"href":"https:\/\/necrologicas.duraznohoy.com\/index.php?rest_route=%2Fwp%2Fv2%2Fcategories&post=4427"},{"taxonomy":"post_tag","embeddable":true,"href":"https:\/\/necrologicas.duraznohoy.com\/index.php?rest_route=%2Fwp%2Fv2%2Ftags&post=4427"}],"curies":[{"name":"wp","href":"https:\/\/api.w.org\/{rel}","templated":true}]}}