{"id":4435,"date":"2025-01-28T09:02:19","date_gmt":"2025-01-28T12:02:19","guid":{"rendered":"https:\/\/necrologicas.duraznohoy.com\/?p=4435"},"modified":"2025-01-28T09:02:19","modified_gmt":"2025-01-28T12:02:19","slug":"victor-alberto-santiago-mmengueche","status":"publish","type":"post","link":"https:\/\/necrologicas.duraznohoy.com\/?p=4435","title":{"rendered":"Victor Alberto Santiago \u201c Mmengueche\u201d"},"content":{"rendered":"<p>Falleci\u00f3 el 28 de enero de 2025<br \/>\nVictor Alberto Santiago \u201c Mmengueche\u201d<br \/>\nDomicilio: San Borjas<br \/>\nVelatorio: No se realiza<br \/>\nSepelio: 28 de enero hora 14<br \/>\nNecr\u00f3polis de Durazno<br \/>\nPREVISORA REGIONAL\u2013 Servicios F\u00daNEBRES Y CREMACI\u00d3N<br \/>\n\u00danica Oficina de Atenci\u00f3n al P\u00fablico en Calle Zorrilla 736<br \/>\nCon el respaldo de Empresas Centrosur y Bazzi Hnos.. <\/p>\n","protected":false},"excerpt":{"rendered":"<p>Falleci\u00f3 el 28 de enero de 2025 Victor Alberto Santiago \u201c Mmengueche\u201d Domicilio: San Borjas Velatorio: No se realiza Sepelio: 28 de enero hora 14 Necr\u00f3polis de Durazno PREVISORA REGIONAL\u2013 Servicios F\u00daNEBRES Y CREMACI\u00d3N \u00danica Oficina de Atenci\u00f3n al P\u00fablico en Calle Zorrilla 736 Con el respaldo de Empresas Centrosur y Bazzi Hnos..<\/p>\n","protected":false},"author":3,"featured_media":0,"comment_status":"open","ping_status":"open","sticky":false,"template":"","format":"standard","meta":{"footnotes":""},"categories":[1],"tags":[],"class_list":["post-4435","post","type-post","status-publish","format-standard","hentry","category-uncategorized"],"_links":{"self":[{"href":"https:\/\/necrologicas.duraznohoy.com\/index.php?rest_route=\/wp\/v2\/posts\/4435","targetHints":{"allow":["GET"]}}],"collection":[{"href":"https:\/\/necrologicas.duraznohoy.com\/index.php?rest_route=\/wp\/v2\/posts"}],"about":[{"href":"https:\/\/necrologicas.duraznohoy.com\/index.php?rest_route=\/wp\/v2\/types\/post"}],"author":[{"embeddable":true,"href":"https:\/\/necrologicas.duraznohoy.com\/index.php?rest_route=\/wp\/v2\/users\/3"}],"replies":[{"embeddable":true,"href":"https:\/\/necrologicas.duraznohoy.com\/index.php?rest_route=%2Fwp%2Fv2%2Fcomments&post=4435"}],"version-history":[{"count":1,"href":"https:\/\/necrologicas.duraznohoy.com\/index.php?rest_route=\/wp\/v2\/posts\/4435\/revisions"}],"predecessor-version":[{"id":4436,"href":"https:\/\/necrologicas.duraznohoy.com\/index.php?rest_route=\/wp\/v2\/posts\/4435\/revisions\/4436"}],"wp:attachment":[{"href":"https:\/\/necrologicas.duraznohoy.com\/index.php?rest_route=%2Fwp%2Fv2%2Fmedia&parent=4435"}],"wp:term":[{"taxonomy":"category","embeddable":true,"href":"https:\/\/necrologicas.duraznohoy.com\/index.php?rest_route=%2Fwp%2Fv2%2Fcategories&post=4435"},{"taxonomy":"post_tag","embeddable":true,"href":"https:\/\/necrologicas.duraznohoy.com\/index.php?rest_route=%2Fwp%2Fv2%2Ftags&post=4435"}],"curies":[{"name":"wp","href":"https:\/\/api.w.org\/{rel}","templated":true}]}}