{"id":4442,"date":"2025-02-01T13:09:55","date_gmt":"2025-02-01T16:09:55","guid":{"rendered":"https:\/\/necrologicas.duraznohoy.com\/?p=4442"},"modified":"2025-02-01T13:09:55","modified_gmt":"2025-02-01T16:09:55","slug":"elba-teresa-alzamendi-piquinela-tita","status":"publish","type":"post","link":"https:\/\/necrologicas.duraznohoy.com\/?p=4442","title":{"rendered":"Elba Teresa Alzamendi Piquinela \u201cTita\u201d"},"content":{"rendered":"<p>Falleci\u00f3 el 1 de febrero de 2025<br \/>\nElba Teresa Alzamendi Piquinela \u201cTita\u201d<br \/>\nDomicilio: Herrera 1118<br \/>\nVelatorio: 2 de febrero hora 8<br \/>\nSala: N\u00ba 2 \u2013 19 de Abril 824<br \/>\nSepelio: 2 de febrero hora 10<br \/>\nNecr\u00f3polis de Durazno<br \/>\n PREVISORA REGIONAL\u2013 Servicios F\u00daNEBRES Y CREMACI\u00d3N<br \/>\n\u00danica Oficina de Atenci\u00f3n al P\u00fablico en Calle Zorrilla 736<br \/>\nCon el respaldo de Empresas Centrosur y Bazzi Hnos.. <\/p>\n","protected":false},"excerpt":{"rendered":"<p>Falleci\u00f3 el 1 de febrero de 2025 Elba Teresa Alzamendi Piquinela \u201cTita\u201d Domicilio: Herrera 1118 Velatorio: 2 de febrero hora 8 Sala: N\u00ba 2 \u2013 19 de Abril 824 Sepelio: 2 de febrero hora 10 Necr\u00f3polis de Durazno PREVISORA REGIONAL\u2013 Servicios F\u00daNEBRES Y CREMACI\u00d3N \u00danica Oficina de Atenci\u00f3n al P\u00fablico en Calle Zorrilla 736 Con [&hellip;]<\/p>\n","protected":false},"author":3,"featured_media":0,"comment_status":"open","ping_status":"open","sticky":false,"template":"","format":"standard","meta":{"footnotes":""},"categories":[1],"tags":[],"class_list":["post-4442","post","type-post","status-publish","format-standard","hentry","category-uncategorized"],"_links":{"self":[{"href":"https:\/\/necrologicas.duraznohoy.com\/index.php?rest_route=\/wp\/v2\/posts\/4442","targetHints":{"allow":["GET"]}}],"collection":[{"href":"https:\/\/necrologicas.duraznohoy.com\/index.php?rest_route=\/wp\/v2\/posts"}],"about":[{"href":"https:\/\/necrologicas.duraznohoy.com\/index.php?rest_route=\/wp\/v2\/types\/post"}],"author":[{"embeddable":true,"href":"https:\/\/necrologicas.duraznohoy.com\/index.php?rest_route=\/wp\/v2\/users\/3"}],"replies":[{"embeddable":true,"href":"https:\/\/necrologicas.duraznohoy.com\/index.php?rest_route=%2Fwp%2Fv2%2Fcomments&post=4442"}],"version-history":[{"count":1,"href":"https:\/\/necrologicas.duraznohoy.com\/index.php?rest_route=\/wp\/v2\/posts\/4442\/revisions"}],"predecessor-version":[{"id":4443,"href":"https:\/\/necrologicas.duraznohoy.com\/index.php?rest_route=\/wp\/v2\/posts\/4442\/revisions\/4443"}],"wp:attachment":[{"href":"https:\/\/necrologicas.duraznohoy.com\/index.php?rest_route=%2Fwp%2Fv2%2Fmedia&parent=4442"}],"wp:term":[{"taxonomy":"category","embeddable":true,"href":"https:\/\/necrologicas.duraznohoy.com\/index.php?rest_route=%2Fwp%2Fv2%2Fcategories&post=4442"},{"taxonomy":"post_tag","embeddable":true,"href":"https:\/\/necrologicas.duraznohoy.com\/index.php?rest_route=%2Fwp%2Fv2%2Ftags&post=4442"}],"curies":[{"name":"wp","href":"https:\/\/api.w.org\/{rel}","templated":true}]}}