{"id":4458,"date":"2025-02-06T12:48:40","date_gmt":"2025-02-06T15:48:40","guid":{"rendered":"https:\/\/necrologicas.duraznohoy.com\/?p=4458"},"modified":"2025-02-06T12:48:40","modified_gmt":"2025-02-06T15:48:40","slug":"maria-esther-baez-silvera","status":"publish","type":"post","link":"https:\/\/necrologicas.duraznohoy.com\/?p=4458","title":{"rendered":"Maria Esther Baez Silvera"},"content":{"rendered":"<p>Falleci\u00f3 el 06 de febrero de 2025<br \/>\nMaria Esther Baez Silvera<br \/>\nDomicilio: Juan Moreira viv. 1301 &#8211; Carlos Reyles<br \/>\nVelatorio: 06 de febrero hora 15<br \/>\nSalas: Carlos Reyles<br \/>\nSepelio: 06 de febrero hora 17<br \/>\nNecr\u00f3polis de Carlos Reyles<br \/>\nPREVISORA REGIONAL\u2013 Servicios F\u00daNEBRES Y CREMACI\u00d3N<br \/>\n\u00danica Oficina de Atenci\u00f3n al P\u00fablico en Calle Zorrilla 736<br \/>\nCon el respaldo de Empresas Centrosur y Bazzi Hnos. <\/p>\n","protected":false},"excerpt":{"rendered":"<p>Falleci\u00f3 el 06 de febrero de 2025 Maria Esther Baez Silvera Domicilio: Juan Moreira viv. 1301 &#8211; Carlos Reyles Velatorio: 06 de febrero hora 15 Salas: Carlos Reyles Sepelio: 06 de febrero hora 17 Necr\u00f3polis de Carlos Reyles PREVISORA REGIONAL\u2013 Servicios F\u00daNEBRES Y CREMACI\u00d3N \u00danica Oficina de Atenci\u00f3n al P\u00fablico en Calle Zorrilla 736 Con [&hellip;]<\/p>\n","protected":false},"author":3,"featured_media":0,"comment_status":"open","ping_status":"open","sticky":false,"template":"","format":"standard","meta":{"footnotes":""},"categories":[1],"tags":[],"class_list":["post-4458","post","type-post","status-publish","format-standard","hentry","category-uncategorized"],"_links":{"self":[{"href":"https:\/\/necrologicas.duraznohoy.com\/index.php?rest_route=\/wp\/v2\/posts\/4458","targetHints":{"allow":["GET"]}}],"collection":[{"href":"https:\/\/necrologicas.duraznohoy.com\/index.php?rest_route=\/wp\/v2\/posts"}],"about":[{"href":"https:\/\/necrologicas.duraznohoy.com\/index.php?rest_route=\/wp\/v2\/types\/post"}],"author":[{"embeddable":true,"href":"https:\/\/necrologicas.duraznohoy.com\/index.php?rest_route=\/wp\/v2\/users\/3"}],"replies":[{"embeddable":true,"href":"https:\/\/necrologicas.duraznohoy.com\/index.php?rest_route=%2Fwp%2Fv2%2Fcomments&post=4458"}],"version-history":[{"count":1,"href":"https:\/\/necrologicas.duraznohoy.com\/index.php?rest_route=\/wp\/v2\/posts\/4458\/revisions"}],"predecessor-version":[{"id":4459,"href":"https:\/\/necrologicas.duraznohoy.com\/index.php?rest_route=\/wp\/v2\/posts\/4458\/revisions\/4459"}],"wp:attachment":[{"href":"https:\/\/necrologicas.duraznohoy.com\/index.php?rest_route=%2Fwp%2Fv2%2Fmedia&parent=4458"}],"wp:term":[{"taxonomy":"category","embeddable":true,"href":"https:\/\/necrologicas.duraznohoy.com\/index.php?rest_route=%2Fwp%2Fv2%2Fcategories&post=4458"},{"taxonomy":"post_tag","embeddable":true,"href":"https:\/\/necrologicas.duraznohoy.com\/index.php?rest_route=%2Fwp%2Fv2%2Ftags&post=4458"}],"curies":[{"name":"wp","href":"https:\/\/api.w.org\/{rel}","templated":true}]}}