{"id":4461,"date":"2025-02-12T21:49:05","date_gmt":"2025-02-13T00:49:05","guid":{"rendered":"https:\/\/necrologicas.duraznohoy.com\/?p=4461"},"modified":"2025-02-12T21:49:05","modified_gmt":"2025-02-13T00:49:05","slug":"maximo-romero-aguero","status":"publish","type":"post","link":"https:\/\/necrologicas.duraznohoy.com\/?p=4461","title":{"rendered":"M\u00e1ximo Romero Ag\u00fcero"},"content":{"rendered":"<div>\n<div><span style=\"color: #ffffff;\"><b>(Q.E.P.D) &#8211;\u00a0\u00a0M\u00e1ximo Romero Ag\u00fcero<\/b><\/span><\/div>\n<\/div>\n<div>\n<div>\n<div>Domicilio: Wilfredo Gel\u00f3s y Alba\u00f1iles<\/div>\n<div>No se realiza velatorio<\/div>\n<div>SEPELIO: 9\u00a0de febrero\u00a0&#8211; Hora 11.00<\/div>\n<\/div>\n<\/div>\n","protected":false},"excerpt":{"rendered":"<p>(Q.E.P.D) &#8211;\u00a0\u00a0M\u00e1ximo Romero Ag\u00fcero Domicilio: Wilfredo Gel\u00f3s y Alba\u00f1iles No se realiza velatorio SEPELIO: 9\u00a0de febrero\u00a0&#8211; Hora 11.00<\/p>\n","protected":false},"author":2,"featured_media":0,"comment_status":"open","ping_status":"open","sticky":false,"template":"","format":"standard","meta":{"footnotes":""},"categories":[1],"tags":[],"class_list":["post-4461","post","type-post","status-publish","format-standard","hentry","category-uncategorized"],"_links":{"self":[{"href":"https:\/\/necrologicas.duraznohoy.com\/index.php?rest_route=\/wp\/v2\/posts\/4461","targetHints":{"allow":["GET"]}}],"collection":[{"href":"https:\/\/necrologicas.duraznohoy.com\/index.php?rest_route=\/wp\/v2\/posts"}],"about":[{"href":"https:\/\/necrologicas.duraznohoy.com\/index.php?rest_route=\/wp\/v2\/types\/post"}],"author":[{"embeddable":true,"href":"https:\/\/necrologicas.duraznohoy.com\/index.php?rest_route=\/wp\/v2\/users\/2"}],"replies":[{"embeddable":true,"href":"https:\/\/necrologicas.duraznohoy.com\/index.php?rest_route=%2Fwp%2Fv2%2Fcomments&post=4461"}],"version-history":[{"count":1,"href":"https:\/\/necrologicas.duraznohoy.com\/index.php?rest_route=\/wp\/v2\/posts\/4461\/revisions"}],"predecessor-version":[{"id":4463,"href":"https:\/\/necrologicas.duraznohoy.com\/index.php?rest_route=\/wp\/v2\/posts\/4461\/revisions\/4463"}],"wp:attachment":[{"href":"https:\/\/necrologicas.duraznohoy.com\/index.php?rest_route=%2Fwp%2Fv2%2Fmedia&parent=4461"}],"wp:term":[{"taxonomy":"category","embeddable":true,"href":"https:\/\/necrologicas.duraznohoy.com\/index.php?rest_route=%2Fwp%2Fv2%2Fcategories&post=4461"},{"taxonomy":"post_tag","embeddable":true,"href":"https:\/\/necrologicas.duraznohoy.com\/index.php?rest_route=%2Fwp%2Fv2%2Ftags&post=4461"}],"curies":[{"name":"wp","href":"https:\/\/api.w.org\/{rel}","templated":true}]}}