{"id":4466,"date":"2025-02-12T21:51:33","date_gmt":"2025-02-13T00:51:33","guid":{"rendered":"https:\/\/necrologicas.duraznohoy.com\/?p=4466"},"modified":"2025-02-12T21:51:33","modified_gmt":"2025-02-13T00:51:33","slug":"jose-maria-silva-echandia-rolo","status":"publish","type":"post","link":"https:\/\/necrologicas.duraznohoy.com\/?p=4466","title":{"rendered":"Jos\u00e9 Mar\u00eda Silva Echand\u00eda \u00abRolo\u00bb"},"content":{"rendered":"<div>\n<div><b>Falleci\u00f3 el 12 de febrero\u00a0de 2025\u00a0\u00a0<\/b><\/div>\n<div><span style=\"color: #ffffff;\"><b>(Q.E.P.D) &#8211;\u00a0 Jos\u00e9 Mar\u00eda Silva Echand\u00eda \u00abRolo\u00bb<\/b><\/span><\/div>\n<\/div>\n<div>\n<div>\n<div>Domicilio: Vecino de Chileno<\/div>\n<div>Velatorio: No se realiza<\/div>\n<div>Sepelio: 12 de febrero hora 14<\/div>\n<div>Necr\u00f3polis de Durazno<\/div>\n<\/div>\n<\/div>\n","protected":false},"excerpt":{"rendered":"<p>Falleci\u00f3 el 12 de febrero\u00a0de 2025\u00a0\u00a0 (Q.E.P.D) &#8211;\u00a0 Jos\u00e9 Mar\u00eda Silva Echand\u00eda \u00abRolo\u00bb Domicilio: Vecino de Chileno Velatorio: No se realiza Sepelio: 12 de febrero hora 14 Necr\u00f3polis de Durazno<\/p>\n","protected":false},"author":2,"featured_media":0,"comment_status":"open","ping_status":"open","sticky":false,"template":"","format":"standard","meta":{"footnotes":""},"categories":[1],"tags":[],"class_list":["post-4466","post","type-post","status-publish","format-standard","hentry","category-uncategorized"],"_links":{"self":[{"href":"https:\/\/necrologicas.duraznohoy.com\/index.php?rest_route=\/wp\/v2\/posts\/4466","targetHints":{"allow":["GET"]}}],"collection":[{"href":"https:\/\/necrologicas.duraznohoy.com\/index.php?rest_route=\/wp\/v2\/posts"}],"about":[{"href":"https:\/\/necrologicas.duraznohoy.com\/index.php?rest_route=\/wp\/v2\/types\/post"}],"author":[{"embeddable":true,"href":"https:\/\/necrologicas.duraznohoy.com\/index.php?rest_route=\/wp\/v2\/users\/2"}],"replies":[{"embeddable":true,"href":"https:\/\/necrologicas.duraznohoy.com\/index.php?rest_route=%2Fwp%2Fv2%2Fcomments&post=4466"}],"version-history":[{"count":1,"href":"https:\/\/necrologicas.duraznohoy.com\/index.php?rest_route=\/wp\/v2\/posts\/4466\/revisions"}],"predecessor-version":[{"id":4469,"href":"https:\/\/necrologicas.duraznohoy.com\/index.php?rest_route=\/wp\/v2\/posts\/4466\/revisions\/4469"}],"wp:attachment":[{"href":"https:\/\/necrologicas.duraznohoy.com\/index.php?rest_route=%2Fwp%2Fv2%2Fmedia&parent=4466"}],"wp:term":[{"taxonomy":"category","embeddable":true,"href":"https:\/\/necrologicas.duraznohoy.com\/index.php?rest_route=%2Fwp%2Fv2%2Fcategories&post=4466"},{"taxonomy":"post_tag","embeddable":true,"href":"https:\/\/necrologicas.duraznohoy.com\/index.php?rest_route=%2Fwp%2Fv2%2Ftags&post=4466"}],"curies":[{"name":"wp","href":"https:\/\/api.w.org\/{rel}","templated":true}]}}