{"id":4476,"date":"2025-02-13T14:14:06","date_gmt":"2025-02-13T17:14:06","guid":{"rendered":"https:\/\/necrologicas.duraznohoy.com\/?p=4476"},"modified":"2025-02-13T14:14:06","modified_gmt":"2025-02-13T17:14:06","slug":"abel-bolivar-cuenca-rodriguez-2","status":"publish","type":"post","link":"https:\/\/necrologicas.duraznohoy.com\/?p=4476","title":{"rendered":"Abel Bol\u00edvar Cuenca Rodr\u00edguez"},"content":{"rendered":"<div>\n<div><b>Falleci\u00f3 el 12 de febrero de 2025\u00a0\u00a0<\/b><\/div>\n<div><span style=\"color: #ffffff;\"><b>(Q.E.P.D) &#8211;\u00a0\u00a0<span style=\"color: #ffffff;\">Abel Bol\u00edvar Cuenca Rodr\u00edguez<\/span><\/b><\/span><\/div>\n<\/div>\n<div>\n<div>\n<div>Domicilio: Batalla de las Piedras 225<\/div>\n<div>Velatorio: hora 14:00<\/div>\n<div>Sala Jard\u00edn del Durazno<\/div>\n<p>Sepelio: hora 15:00<\/p>\n<div>Ruta 14 km 172.500<\/div>\n<\/div>\n<div>Cementerio Parque Jard\u00edn del Durazno<\/div>\n<\/div>\n","protected":false},"excerpt":{"rendered":"<p>Falleci\u00f3 el 12 de febrero de 2025\u00a0\u00a0 (Q.E.P.D) &#8211;\u00a0\u00a0Abel Bol\u00edvar Cuenca Rodr\u00edguez Domicilio: Batalla de las Piedras 225 Velatorio: hora 14:00 Sala Jard\u00edn del Durazno Sepelio: hora 15:00 Ruta 14 km 172.500 Cementerio Parque Jard\u00edn del Durazno<\/p>\n","protected":false},"author":2,"featured_media":0,"comment_status":"open","ping_status":"open","sticky":false,"template":"","format":"standard","meta":{"footnotes":""},"categories":[1],"tags":[],"class_list":["post-4476","post","type-post","status-publish","format-standard","hentry","category-uncategorized"],"_links":{"self":[{"href":"https:\/\/necrologicas.duraznohoy.com\/index.php?rest_route=\/wp\/v2\/posts\/4476","targetHints":{"allow":["GET"]}}],"collection":[{"href":"https:\/\/necrologicas.duraznohoy.com\/index.php?rest_route=\/wp\/v2\/posts"}],"about":[{"href":"https:\/\/necrologicas.duraznohoy.com\/index.php?rest_route=\/wp\/v2\/types\/post"}],"author":[{"embeddable":true,"href":"https:\/\/necrologicas.duraznohoy.com\/index.php?rest_route=\/wp\/v2\/users\/2"}],"replies":[{"embeddable":true,"href":"https:\/\/necrologicas.duraznohoy.com\/index.php?rest_route=%2Fwp%2Fv2%2Fcomments&post=4476"}],"version-history":[{"count":1,"href":"https:\/\/necrologicas.duraznohoy.com\/index.php?rest_route=\/wp\/v2\/posts\/4476\/revisions"}],"predecessor-version":[{"id":4477,"href":"https:\/\/necrologicas.duraznohoy.com\/index.php?rest_route=\/wp\/v2\/posts\/4476\/revisions\/4477"}],"wp:attachment":[{"href":"https:\/\/necrologicas.duraznohoy.com\/index.php?rest_route=%2Fwp%2Fv2%2Fmedia&parent=4476"}],"wp:term":[{"taxonomy":"category","embeddable":true,"href":"https:\/\/necrologicas.duraznohoy.com\/index.php?rest_route=%2Fwp%2Fv2%2Fcategories&post=4476"},{"taxonomy":"post_tag","embeddable":true,"href":"https:\/\/necrologicas.duraznohoy.com\/index.php?rest_route=%2Fwp%2Fv2%2Ftags&post=4476"}],"curies":[{"name":"wp","href":"https:\/\/api.w.org\/{rel}","templated":true}]}}