{"id":4725,"date":"2025-05-30T23:51:26","date_gmt":"2025-05-31T02:51:26","guid":{"rendered":"https:\/\/necrologicas.duraznohoy.com\/?p=4725"},"modified":"2025-05-30T23:51:26","modified_gmt":"2025-05-31T02:51:26","slug":"raul-eduardo-genova-rodriguez","status":"publish","type":"post","link":"https:\/\/necrologicas.duraznohoy.com\/?p=4725","title":{"rendered":"Ra\u00fal Eduardo G\u00e9nova Rodr\u00edguez"},"content":{"rendered":"<p>Falleci\u00f3 el d\u00eda 29 de mayo de 2025.<br \/>\nRa\u00fal Eduardo G\u00e9nova Rodr\u00edguez<br \/>\nDomicilio: Eusebio P\u00edriz N\u00ba 729. Apto.206<br \/>\nVelatorio: no se realiza<br \/>\nSepelio: d\u00eda 30 de mayo &#8211; hora 15:30<br \/>\nCementerio Parque \u00abJard\u00edn del Durazno\u00bb<\/p>\n","protected":false},"excerpt":{"rendered":"<p>Falleci\u00f3 el d\u00eda 29 de mayo de 2025. Ra\u00fal Eduardo G\u00e9nova Rodr\u00edguez Domicilio: Eusebio P\u00edriz N\u00ba 729. Apto.206 Velatorio: no se realiza Sepelio: d\u00eda 30 de mayo &#8211; hora 15:30 Cementerio Parque \u00abJard\u00edn del Durazno\u00bb<\/p>\n","protected":false},"author":3,"featured_media":0,"comment_status":"open","ping_status":"open","sticky":false,"template":"","format":"standard","meta":{"footnotes":""},"categories":[1],"tags":[],"class_list":["post-4725","post","type-post","status-publish","format-standard","hentry","category-uncategorized"],"_links":{"self":[{"href":"https:\/\/necrologicas.duraznohoy.com\/index.php?rest_route=\/wp\/v2\/posts\/4725","targetHints":{"allow":["GET"]}}],"collection":[{"href":"https:\/\/necrologicas.duraznohoy.com\/index.php?rest_route=\/wp\/v2\/posts"}],"about":[{"href":"https:\/\/necrologicas.duraznohoy.com\/index.php?rest_route=\/wp\/v2\/types\/post"}],"author":[{"embeddable":true,"href":"https:\/\/necrologicas.duraznohoy.com\/index.php?rest_route=\/wp\/v2\/users\/3"}],"replies":[{"embeddable":true,"href":"https:\/\/necrologicas.duraznohoy.com\/index.php?rest_route=%2Fwp%2Fv2%2Fcomments&post=4725"}],"version-history":[{"count":1,"href":"https:\/\/necrologicas.duraznohoy.com\/index.php?rest_route=\/wp\/v2\/posts\/4725\/revisions"}],"predecessor-version":[{"id":4726,"href":"https:\/\/necrologicas.duraznohoy.com\/index.php?rest_route=\/wp\/v2\/posts\/4725\/revisions\/4726"}],"wp:attachment":[{"href":"https:\/\/necrologicas.duraznohoy.com\/index.php?rest_route=%2Fwp%2Fv2%2Fmedia&parent=4725"}],"wp:term":[{"taxonomy":"category","embeddable":true,"href":"https:\/\/necrologicas.duraznohoy.com\/index.php?rest_route=%2Fwp%2Fv2%2Fcategories&post=4725"},{"taxonomy":"post_tag","embeddable":true,"href":"https:\/\/necrologicas.duraznohoy.com\/index.php?rest_route=%2Fwp%2Fv2%2Ftags&post=4725"}],"curies":[{"name":"wp","href":"https:\/\/api.w.org\/{rel}","templated":true}]}}