{"id":4727,"date":"2025-05-31T18:35:04","date_gmt":"2025-05-31T21:35:04","guid":{"rendered":"https:\/\/necrologicas.duraznohoy.com\/?p=4727"},"modified":"2025-06-04T11:19:57","modified_gmt":"2025-06-04T14:19:57","slug":"hecgtor-baez-martinez","status":"publish","type":"post","link":"https:\/\/necrologicas.duraznohoy.com\/?p=4727","title":{"rendered":"H\u00e9ctor Baez Mart\u00ednez"},"content":{"rendered":"<p>Falleci\u00f3 el 31 de mayo de 2025<br \/>\nHECTOR BAEZ MARTINEZ<br \/>\nDomicilio: Carlos M\u00b0 de Pena s\/n<br \/>\nVelatorio: 01 de junio hora 8<br \/>\nSala: 2 \u2013 19 de abril 824<br \/>\nSepelio: 01 de junio hora 11<br \/>\nNecr\u00f3polis Local<br \/>\nConvenio COPAC<br \/>\nPREVISORA REGIONAL\u2013 Servicios F\u00daNEBRES Y CREMACI\u00d3N<br \/>\n\u00danica Oficina de Atenci\u00f3n al P\u00fablico en Calle Zorrilla 736<br \/>\nCon el respaldo de Empresas Centrosur y Bazzi Hnos<\/p>\n","protected":false},"excerpt":{"rendered":"<p>Falleci\u00f3 el 31 de mayo de 2025 HECTOR BAEZ MARTINEZ Domicilio: Carlos M\u00b0 de Pena s\/n Velatorio: 01 de junio hora 8 Sala: 2 \u2013 19 de abril 824 Sepelio: 01 de junio hora 11 Necr\u00f3polis Local Convenio COPAC PREVISORA REGIONAL\u2013 Servicios F\u00daNEBRES Y CREMACI\u00d3N \u00danica Oficina de Atenci\u00f3n al P\u00fablico en Calle Zorrilla 736 [&hellip;]<\/p>\n","protected":false},"author":3,"featured_media":0,"comment_status":"open","ping_status":"open","sticky":false,"template":"","format":"standard","meta":{"footnotes":""},"categories":[1],"tags":[],"class_list":["post-4727","post","type-post","status-publish","format-standard","hentry","category-uncategorized"],"_links":{"self":[{"href":"https:\/\/necrologicas.duraznohoy.com\/index.php?rest_route=\/wp\/v2\/posts\/4727","targetHints":{"allow":["GET"]}}],"collection":[{"href":"https:\/\/necrologicas.duraznohoy.com\/index.php?rest_route=\/wp\/v2\/posts"}],"about":[{"href":"https:\/\/necrologicas.duraznohoy.com\/index.php?rest_route=\/wp\/v2\/types\/post"}],"author":[{"embeddable":true,"href":"https:\/\/necrologicas.duraznohoy.com\/index.php?rest_route=\/wp\/v2\/users\/3"}],"replies":[{"embeddable":true,"href":"https:\/\/necrologicas.duraznohoy.com\/index.php?rest_route=%2Fwp%2Fv2%2Fcomments&post=4727"}],"version-history":[{"count":2,"href":"https:\/\/necrologicas.duraznohoy.com\/index.php?rest_route=\/wp\/v2\/posts\/4727\/revisions"}],"predecessor-version":[{"id":4733,"href":"https:\/\/necrologicas.duraznohoy.com\/index.php?rest_route=\/wp\/v2\/posts\/4727\/revisions\/4733"}],"wp:attachment":[{"href":"https:\/\/necrologicas.duraznohoy.com\/index.php?rest_route=%2Fwp%2Fv2%2Fmedia&parent=4727"}],"wp:term":[{"taxonomy":"category","embeddable":true,"href":"https:\/\/necrologicas.duraznohoy.com\/index.php?rest_route=%2Fwp%2Fv2%2Fcategories&post=4727"},{"taxonomy":"post_tag","embeddable":true,"href":"https:\/\/necrologicas.duraznohoy.com\/index.php?rest_route=%2Fwp%2Fv2%2Ftags&post=4727"}],"curies":[{"name":"wp","href":"https:\/\/api.w.org\/{rel}","templated":true}]}}