{"id":4797,"date":"2025-07-03T23:11:05","date_gmt":"2025-07-04T02:11:05","guid":{"rendered":"https:\/\/necrologicas.duraznohoy.com\/?p=4797"},"modified":"2025-07-03T23:11:05","modified_gmt":"2025-07-04T02:11:05","slug":"yanela-laura-palacio-otano","status":"publish","type":"post","link":"https:\/\/necrologicas.duraznohoy.com\/?p=4797","title":{"rendered":"Yanela Laura Palacio Ota\u00f1o"},"content":{"rendered":"<p>Falleci\u00f3 el 03 de julio de 2025<br \/>\nYANELA LAURA PALACIO OTA\u00d1O<br \/>\nDomicilio: Marcelino Varona 2187<br \/>\nVelatorio: 04 de julio de 12 a 14 horas<br \/>\nSala: N\u00ba 1 \u2013 19 de Abril 824<br \/>\nCremaci\u00f3n: D\u00eda y hora a confirmar<br \/>\nCrematorio Durazno<br \/>\nPREVISORA REGIONAL\u2013 Servicios F\u00daNEBRES Y CREMACI\u00d3N<br \/>\n\u00danica Oficina de Atenci\u00f3n al P\u00fablico en Calle Zorrilla 736<br \/>\nCon el respaldo de Empresas Centrosur y Bazzi Hnos<\/p>\n","protected":false},"excerpt":{"rendered":"<p>Falleci\u00f3 el 03 de julio de 2025 YANELA LAURA PALACIO OTA\u00d1O Domicilio: Marcelino Varona 2187 Velatorio: 04 de julio de 12 a 14 horas Sala: N\u00ba 1 \u2013 19 de Abril 824 Cremaci\u00f3n: D\u00eda y hora a confirmar Crematorio Durazno PREVISORA REGIONAL\u2013 Servicios F\u00daNEBRES Y CREMACI\u00d3N \u00danica Oficina de Atenci\u00f3n al P\u00fablico en Calle Zorrilla [&hellip;]<\/p>\n","protected":false},"author":3,"featured_media":0,"comment_status":"open","ping_status":"open","sticky":false,"template":"","format":"standard","meta":{"footnotes":""},"categories":[1],"tags":[],"class_list":["post-4797","post","type-post","status-publish","format-standard","hentry","category-uncategorized"],"_links":{"self":[{"href":"https:\/\/necrologicas.duraznohoy.com\/index.php?rest_route=\/wp\/v2\/posts\/4797","targetHints":{"allow":["GET"]}}],"collection":[{"href":"https:\/\/necrologicas.duraznohoy.com\/index.php?rest_route=\/wp\/v2\/posts"}],"about":[{"href":"https:\/\/necrologicas.duraznohoy.com\/index.php?rest_route=\/wp\/v2\/types\/post"}],"author":[{"embeddable":true,"href":"https:\/\/necrologicas.duraznohoy.com\/index.php?rest_route=\/wp\/v2\/users\/3"}],"replies":[{"embeddable":true,"href":"https:\/\/necrologicas.duraznohoy.com\/index.php?rest_route=%2Fwp%2Fv2%2Fcomments&post=4797"}],"version-history":[{"count":1,"href":"https:\/\/necrologicas.duraznohoy.com\/index.php?rest_route=\/wp\/v2\/posts\/4797\/revisions"}],"predecessor-version":[{"id":4798,"href":"https:\/\/necrologicas.duraznohoy.com\/index.php?rest_route=\/wp\/v2\/posts\/4797\/revisions\/4798"}],"wp:attachment":[{"href":"https:\/\/necrologicas.duraznohoy.com\/index.php?rest_route=%2Fwp%2Fv2%2Fmedia&parent=4797"}],"wp:term":[{"taxonomy":"category","embeddable":true,"href":"https:\/\/necrologicas.duraznohoy.com\/index.php?rest_route=%2Fwp%2Fv2%2Fcategories&post=4797"},{"taxonomy":"post_tag","embeddable":true,"href":"https:\/\/necrologicas.duraznohoy.com\/index.php?rest_route=%2Fwp%2Fv2%2Ftags&post=4797"}],"curies":[{"name":"wp","href":"https:\/\/api.w.org\/{rel}","templated":true}]}}