{"id":4835,"date":"2025-07-21T11:58:52","date_gmt":"2025-07-21T14:58:52","guid":{"rendered":"https:\/\/necrologicas.duraznohoy.com\/?p=4835"},"modified":"2025-07-21T11:59:09","modified_gmt":"2025-07-21T14:59:09","slug":"nibia-mendez-suarez-tita","status":"publish","type":"post","link":"https:\/\/necrologicas.duraznohoy.com\/?p=4835","title":{"rendered":"Nibia M\u00e9ndez Su\u00e1rez \u00abTita\u00bb"},"content":{"rendered":"<p>Falleci\u00f3 el 19 de julio de 2025<br \/>\nNIBIA MENDEZ SUAREZ \u201cTITA\u201d<br \/>\nDomicilio: Cooperativa \u201cLos Manantiales\u201d viv, 12<br \/>\nVelatorio: No se realiza<br \/>\nCremaci\u00f3n: D\u00eda y hora a confirmar<br \/>\nCrematorio Durazno<br \/>\nPREVISORA REGIONAL\u2013 Servicios F\u00daNEBRES Y CREMACI\u00d3N<br \/>\n\u00danica Oficina de Atenci\u00f3n al P\u00fablico en Calle Zorrilla 736<br \/>\nCon el respaldo de Empresas Centrosur y Bazzi Hnos<\/p>\n","protected":false},"excerpt":{"rendered":"<p>Falleci\u00f3 el 19 de julio de 2025 NIBIA MENDEZ SUAREZ \u201cTITA\u201d Domicilio: Cooperativa \u201cLos Manantiales\u201d viv, 12 Velatorio: No se realiza Cremaci\u00f3n: D\u00eda y hora a confirmar Crematorio Durazno PREVISORA REGIONAL\u2013 Servicios F\u00daNEBRES Y CREMACI\u00d3N \u00danica Oficina de Atenci\u00f3n al P\u00fablico en Calle Zorrilla 736 Con el respaldo de Empresas Centrosur y Bazzi Hnos<\/p>\n","protected":false},"author":3,"featured_media":0,"comment_status":"open","ping_status":"open","sticky":false,"template":"","format":"standard","meta":{"footnotes":""},"categories":[1],"tags":[],"class_list":["post-4835","post","type-post","status-publish","format-standard","hentry","category-uncategorized"],"_links":{"self":[{"href":"https:\/\/necrologicas.duraznohoy.com\/index.php?rest_route=\/wp\/v2\/posts\/4835","targetHints":{"allow":["GET"]}}],"collection":[{"href":"https:\/\/necrologicas.duraznohoy.com\/index.php?rest_route=\/wp\/v2\/posts"}],"about":[{"href":"https:\/\/necrologicas.duraznohoy.com\/index.php?rest_route=\/wp\/v2\/types\/post"}],"author":[{"embeddable":true,"href":"https:\/\/necrologicas.duraznohoy.com\/index.php?rest_route=\/wp\/v2\/users\/3"}],"replies":[{"embeddable":true,"href":"https:\/\/necrologicas.duraznohoy.com\/index.php?rest_route=%2Fwp%2Fv2%2Fcomments&post=4835"}],"version-history":[{"count":1,"href":"https:\/\/necrologicas.duraznohoy.com\/index.php?rest_route=\/wp\/v2\/posts\/4835\/revisions"}],"predecessor-version":[{"id":4836,"href":"https:\/\/necrologicas.duraznohoy.com\/index.php?rest_route=\/wp\/v2\/posts\/4835\/revisions\/4836"}],"wp:attachment":[{"href":"https:\/\/necrologicas.duraznohoy.com\/index.php?rest_route=%2Fwp%2Fv2%2Fmedia&parent=4835"}],"wp:term":[{"taxonomy":"category","embeddable":true,"href":"https:\/\/necrologicas.duraznohoy.com\/index.php?rest_route=%2Fwp%2Fv2%2Fcategories&post=4835"},{"taxonomy":"post_tag","embeddable":true,"href":"https:\/\/necrologicas.duraznohoy.com\/index.php?rest_route=%2Fwp%2Fv2%2Ftags&post=4835"}],"curies":[{"name":"wp","href":"https:\/\/api.w.org\/{rel}","templated":true}]}}