{"id":4847,"date":"2025-07-26T21:15:05","date_gmt":"2025-07-27T00:15:05","guid":{"rendered":"https:\/\/necrologicas.duraznohoy.com\/?p=4847"},"modified":"2025-07-26T21:15:05","modified_gmt":"2025-07-27T00:15:05","slug":"jose-eduardo-mautone-lallanes-gato","status":"publish","type":"post","link":"https:\/\/necrologicas.duraznohoy.com\/?p=4847","title":{"rendered":"Jos\u00e9 Eduardo Mautone Lallanes \u00abGato\u00bb"},"content":{"rendered":"<p>Falleci\u00f3 el 26 de julio de 2025<br \/>\nJOS\u00c9 EDUARDO MAUTONE LALLANES \u201cGATO\u201d<br \/>\nDomicilio: Nogueira 835<br \/>\nVelatorio: 27 de julio comienzo hora 9<br \/>\nSala: 2 \u2013 19 de abril 824<br \/>\nSepelio: 27 de julio hora 11<br \/>\nNecr\u00f3polis Local<br \/>\nConvenio con Tutela social de la Fuerzas Armadas<\/p>\n<p>PREVISORA REGIONAL\u2013 Servicios F\u00daNEBRES Y CREMACI\u00d3N<br \/>\n\u00danica Oficina de Atenci\u00f3n al P\u00fablico en Calle Zorrilla 736<br \/>\nCon el respaldo de Empresas Centrosur y Bazzi Hnos..<\/p>\n","protected":false},"excerpt":{"rendered":"<p>Falleci\u00f3 el 26 de julio de 2025 JOS\u00c9 EDUARDO MAUTONE LALLANES \u201cGATO\u201d Domicilio: Nogueira 835 Velatorio: 27 de julio comienzo hora 9 Sala: 2 \u2013 19 de abril 824 Sepelio: 27 de julio hora 11 Necr\u00f3polis Local Convenio con Tutela social de la Fuerzas Armadas PREVISORA REGIONAL\u2013 Servicios F\u00daNEBRES Y CREMACI\u00d3N \u00danica Oficina de Atenci\u00f3n [&hellip;]<\/p>\n","protected":false},"author":3,"featured_media":0,"comment_status":"open","ping_status":"open","sticky":false,"template":"","format":"standard","meta":{"footnotes":""},"categories":[1],"tags":[],"class_list":["post-4847","post","type-post","status-publish","format-standard","hentry","category-uncategorized"],"_links":{"self":[{"href":"https:\/\/necrologicas.duraznohoy.com\/index.php?rest_route=\/wp\/v2\/posts\/4847","targetHints":{"allow":["GET"]}}],"collection":[{"href":"https:\/\/necrologicas.duraznohoy.com\/index.php?rest_route=\/wp\/v2\/posts"}],"about":[{"href":"https:\/\/necrologicas.duraznohoy.com\/index.php?rest_route=\/wp\/v2\/types\/post"}],"author":[{"embeddable":true,"href":"https:\/\/necrologicas.duraznohoy.com\/index.php?rest_route=\/wp\/v2\/users\/3"}],"replies":[{"embeddable":true,"href":"https:\/\/necrologicas.duraznohoy.com\/index.php?rest_route=%2Fwp%2Fv2%2Fcomments&post=4847"}],"version-history":[{"count":1,"href":"https:\/\/necrologicas.duraznohoy.com\/index.php?rest_route=\/wp\/v2\/posts\/4847\/revisions"}],"predecessor-version":[{"id":4848,"href":"https:\/\/necrologicas.duraznohoy.com\/index.php?rest_route=\/wp\/v2\/posts\/4847\/revisions\/4848"}],"wp:attachment":[{"href":"https:\/\/necrologicas.duraznohoy.com\/index.php?rest_route=%2Fwp%2Fv2%2Fmedia&parent=4847"}],"wp:term":[{"taxonomy":"category","embeddable":true,"href":"https:\/\/necrologicas.duraznohoy.com\/index.php?rest_route=%2Fwp%2Fv2%2Fcategories&post=4847"},{"taxonomy":"post_tag","embeddable":true,"href":"https:\/\/necrologicas.duraznohoy.com\/index.php?rest_route=%2Fwp%2Fv2%2Ftags&post=4847"}],"curies":[{"name":"wp","href":"https:\/\/api.w.org\/{rel}","templated":true}]}}