{"id":4852,"date":"2025-07-31T13:30:14","date_gmt":"2025-07-31T16:30:14","guid":{"rendered":"https:\/\/necrologicas.duraznohoy.com\/?p=4852"},"modified":"2025-07-31T13:30:14","modified_gmt":"2025-07-31T16:30:14","slug":"lilian-mirsa-gonzalez-barroco","status":"publish","type":"post","link":"https:\/\/necrologicas.duraznohoy.com\/?p=4852","title":{"rendered":"Lilian Mirsa Gonz\u00e1lez Barroco"},"content":{"rendered":"<p>Falleci\u00f3 el  30 de julio de 2025<br \/>\nLilian Mirsa Gonz\u00e1lez Barroco<br \/>\nDomicilio: Zorrilla de San Mart\u00edn 537<br \/>\nVelatorio: 31 de julio de 16:00 a 18:00 hs<br \/>\nSala: 2 \u2013 19 de abril 824<br \/>\nCremaci\u00f3n: D\u00eda y hora a confirmar<br \/>\nCrematorio Durazno<br \/>\nConvenio: Tutela Policial<br \/>\nPREVISORA REGIONAL \u2013 Servicios F\u00daNEBRES Y CREMACI\u00d3N. \u00danica Oficina de Atenci\u00f3n al P\u00fablico en Calle Zorrilla 736. Con el respaldo de Empresas Centrosur y Bazzi Hnos.<\/p>\n","protected":false},"excerpt":{"rendered":"<p>Falleci\u00f3 el 30 de julio de 2025 Lilian Mirsa Gonz\u00e1lez Barroco Domicilio: Zorrilla de San Mart\u00edn 537 Velatorio: 31 de julio de 16:00 a 18:00 hs Sala: 2 \u2013 19 de abril 824 Cremaci\u00f3n: D\u00eda y hora a confirmar Crematorio Durazno Convenio: Tutela Policial PREVISORA REGIONAL \u2013 Servicios F\u00daNEBRES Y CREMACI\u00d3N. \u00danica Oficina de Atenci\u00f3n [&hellip;]<\/p>\n","protected":false},"author":3,"featured_media":0,"comment_status":"open","ping_status":"open","sticky":false,"template":"","format":"standard","meta":{"footnotes":""},"categories":[1],"tags":[],"class_list":["post-4852","post","type-post","status-publish","format-standard","hentry","category-uncategorized"],"_links":{"self":[{"href":"https:\/\/necrologicas.duraznohoy.com\/index.php?rest_route=\/wp\/v2\/posts\/4852","targetHints":{"allow":["GET"]}}],"collection":[{"href":"https:\/\/necrologicas.duraznohoy.com\/index.php?rest_route=\/wp\/v2\/posts"}],"about":[{"href":"https:\/\/necrologicas.duraznohoy.com\/index.php?rest_route=\/wp\/v2\/types\/post"}],"author":[{"embeddable":true,"href":"https:\/\/necrologicas.duraznohoy.com\/index.php?rest_route=\/wp\/v2\/users\/3"}],"replies":[{"embeddable":true,"href":"https:\/\/necrologicas.duraznohoy.com\/index.php?rest_route=%2Fwp%2Fv2%2Fcomments&post=4852"}],"version-history":[{"count":1,"href":"https:\/\/necrologicas.duraznohoy.com\/index.php?rest_route=\/wp\/v2\/posts\/4852\/revisions"}],"predecessor-version":[{"id":4853,"href":"https:\/\/necrologicas.duraznohoy.com\/index.php?rest_route=\/wp\/v2\/posts\/4852\/revisions\/4853"}],"wp:attachment":[{"href":"https:\/\/necrologicas.duraznohoy.com\/index.php?rest_route=%2Fwp%2Fv2%2Fmedia&parent=4852"}],"wp:term":[{"taxonomy":"category","embeddable":true,"href":"https:\/\/necrologicas.duraznohoy.com\/index.php?rest_route=%2Fwp%2Fv2%2Fcategories&post=4852"},{"taxonomy":"post_tag","embeddable":true,"href":"https:\/\/necrologicas.duraznohoy.com\/index.php?rest_route=%2Fwp%2Fv2%2Ftags&post=4852"}],"curies":[{"name":"wp","href":"https:\/\/api.w.org\/{rel}","templated":true}]}}