{"id":5323,"date":"2026-02-22T10:07:39","date_gmt":"2026-02-22T13:07:39","guid":{"rendered":"https:\/\/necrologicas.duraznohoy.com\/?p=5323"},"modified":"2026-02-22T10:07:39","modified_gmt":"2026-02-22T13:07:39","slug":"adela-maria-paredes-abreu-tita","status":"publish","type":"post","link":"https:\/\/necrologicas.duraznohoy.com\/?p=5323","title":{"rendered":"Adela Mar\u00eda Paredes Abreu \u201cTita\u201d"},"content":{"rendered":"<p>Falleci\u00f3 el 22 de febrero de 2026<br \/>\nAdela Mar\u00eda Paredes Abreu \u201cTita\u201d<br \/>\nDomicilio: Maciel 942 Bis<br \/>\nVelatorio: 22 de febrero de 11 a 13 hs<br \/>\nSala: N\u00ba 2 \u2013 19 de abril 824<br \/>\nCremaci\u00f3n: D\u00eda y hora a confirmar<br \/>\nCrematorio Durazno<br \/>\nPREVISORA REGIONAL\u2013 Servicios F\u00daNEBRES Y CREMACI\u00d3N<br \/>\nOficina de Atenci\u00f3n al P\u00fablico en Calle Zorrilla 736<br \/>\nCon el respaldo de Empresas Centrosur y Bazzi Hnos.<\/p>\n","protected":false},"excerpt":{"rendered":"<p>Falleci\u00f3 el 22 de febrero de 2026 Adela Mar\u00eda Paredes Abreu \u201cTita\u201d Domicilio: Maciel 942 Bis Velatorio: 22 de febrero de 11 a 13 hs Sala: N\u00ba 2 \u2013 19 de abril 824 Cremaci\u00f3n: D\u00eda y hora a confirmar Crematorio Durazno PREVISORA REGIONAL\u2013 Servicios F\u00daNEBRES Y CREMACI\u00d3N Oficina de Atenci\u00f3n al P\u00fablico en Calle Zorrilla [&hellip;]<\/p>\n","protected":false},"author":3,"featured_media":0,"comment_status":"closed","ping_status":"closed","sticky":false,"template":"","format":"standard","meta":{"footnotes":""},"categories":[1],"tags":[],"class_list":["post-5323","post","type-post","status-publish","format-standard","hentry","category-uncategorized"],"aioseo_notices":[],"_links":{"self":[{"href":"https:\/\/necrologicas.duraznohoy.com\/index.php?rest_route=\/wp\/v2\/posts\/5323","targetHints":{"allow":["GET"]}}],"collection":[{"href":"https:\/\/necrologicas.duraznohoy.com\/index.php?rest_route=\/wp\/v2\/posts"}],"about":[{"href":"https:\/\/necrologicas.duraznohoy.com\/index.php?rest_route=\/wp\/v2\/types\/post"}],"author":[{"embeddable":true,"href":"https:\/\/necrologicas.duraznohoy.com\/index.php?rest_route=\/wp\/v2\/users\/3"}],"replies":[{"embeddable":true,"href":"https:\/\/necrologicas.duraznohoy.com\/index.php?rest_route=%2Fwp%2Fv2%2Fcomments&post=5323"}],"version-history":[{"count":1,"href":"https:\/\/necrologicas.duraznohoy.com\/index.php?rest_route=\/wp\/v2\/posts\/5323\/revisions"}],"predecessor-version":[{"id":5324,"href":"https:\/\/necrologicas.duraznohoy.com\/index.php?rest_route=\/wp\/v2\/posts\/5323\/revisions\/5324"}],"wp:attachment":[{"href":"https:\/\/necrologicas.duraznohoy.com\/index.php?rest_route=%2Fwp%2Fv2%2Fmedia&parent=5323"}],"wp:term":[{"taxonomy":"category","embeddable":true,"href":"https:\/\/necrologicas.duraznohoy.com\/index.php?rest_route=%2Fwp%2Fv2%2Fcategories&post=5323"},{"taxonomy":"post_tag","embeddable":true,"href":"https:\/\/necrologicas.duraznohoy.com\/index.php?rest_route=%2Fwp%2Fv2%2Ftags&post=5323"}],"curies":[{"name":"wp","href":"https:\/\/api.w.org\/{rel}","templated":true}]}}