{"id":5326,"date":"2026-02-27T17:48:56","date_gmt":"2026-02-27T20:48:56","guid":{"rendered":"https:\/\/necrologicas.duraznohoy.com\/?p=5326"},"modified":"2026-02-27T17:48:56","modified_gmt":"2026-02-27T20:48:56","slug":"cesar-osvaldo-viana-mendez-chiquito","status":"publish","type":"post","link":"https:\/\/necrologicas.duraznohoy.com\/?p=5326","title":{"rendered":"Cesar Osvaldo Viana M\u00e9ndez \u201cChiquito\u201d"},"content":{"rendered":"<p>Falleci\u00f3 el 26 de febrero 2026<br \/>\nCesar Osvaldo Viana M\u00e9ndez \u201cChiquito\u201d<br \/>\nDomicilio: Tala viv. 43<br \/>\nVelatorio: 27 de febrero hora 9<br \/>\nSala N\u00b0 1 \u2013 19 de abril 824<br \/>\nSepelio: 27 de febrero hora 11<br \/>\nNecr\u00f3polis local<br \/>\nConvenio Tutela Social FF.AA.<br \/>\nPREVISORA REGIONAL\u2013 Servicios F\u00daNEBRES Y CREMACI\u00d3N<br \/>\nOficina de Atenci\u00f3n al P\u00fablico en Calle Zorrilla 736<br \/>\nCon el respaldo de Empresas Centrosur y Bazzi Hnos..<\/p>\n","protected":false},"excerpt":{"rendered":"<p>Falleci\u00f3 el 26 de febrero 2026 Cesar Osvaldo Viana M\u00e9ndez \u201cChiquito\u201d Domicilio: Tala viv. 43 Velatorio: 27 de febrero hora 9 Sala N\u00b0 1 \u2013 19 de abril 824 Sepelio: 27 de febrero hora 11 Necr\u00f3polis local Convenio Tutela Social FF.AA. PREVISORA REGIONAL\u2013 Servicios F\u00daNEBRES Y CREMACI\u00d3N Oficina de Atenci\u00f3n al P\u00fablico en Calle Zorrilla [&hellip;]<\/p>\n","protected":false},"author":3,"featured_media":0,"comment_status":"closed","ping_status":"closed","sticky":false,"template":"","format":"standard","meta":{"footnotes":""},"categories":[1],"tags":[],"class_list":["post-5326","post","type-post","status-publish","format-standard","hentry","category-uncategorized"],"aioseo_notices":[],"_links":{"self":[{"href":"https:\/\/necrologicas.duraznohoy.com\/index.php?rest_route=\/wp\/v2\/posts\/5326","targetHints":{"allow":["GET"]}}],"collection":[{"href":"https:\/\/necrologicas.duraznohoy.com\/index.php?rest_route=\/wp\/v2\/posts"}],"about":[{"href":"https:\/\/necrologicas.duraznohoy.com\/index.php?rest_route=\/wp\/v2\/types\/post"}],"author":[{"embeddable":true,"href":"https:\/\/necrologicas.duraznohoy.com\/index.php?rest_route=\/wp\/v2\/users\/3"}],"replies":[{"embeddable":true,"href":"https:\/\/necrologicas.duraznohoy.com\/index.php?rest_route=%2Fwp%2Fv2%2Fcomments&post=5326"}],"version-history":[{"count":1,"href":"https:\/\/necrologicas.duraznohoy.com\/index.php?rest_route=\/wp\/v2\/posts\/5326\/revisions"}],"predecessor-version":[{"id":5327,"href":"https:\/\/necrologicas.duraznohoy.com\/index.php?rest_route=\/wp\/v2\/posts\/5326\/revisions\/5327"}],"wp:attachment":[{"href":"https:\/\/necrologicas.duraznohoy.com\/index.php?rest_route=%2Fwp%2Fv2%2Fmedia&parent=5326"}],"wp:term":[{"taxonomy":"category","embeddable":true,"href":"https:\/\/necrologicas.duraznohoy.com\/index.php?rest_route=%2Fwp%2Fv2%2Fcategories&post=5326"},{"taxonomy":"post_tag","embeddable":true,"href":"https:\/\/necrologicas.duraznohoy.com\/index.php?rest_route=%2Fwp%2Fv2%2Ftags&post=5326"}],"curies":[{"name":"wp","href":"https:\/\/api.w.org\/{rel}","templated":true}]}}