{"id":5335,"date":"2026-03-01T10:39:10","date_gmt":"2026-03-01T13:39:10","guid":{"rendered":"https:\/\/necrologicas.duraznohoy.com\/?p=5335"},"modified":"2026-03-01T10:39:10","modified_gmt":"2026-03-01T13:39:10","slug":"ramon-eduardo-chiminelli-basignani-negro","status":"publish","type":"post","link":"https:\/\/necrologicas.duraznohoy.com\/?p=5335","title":{"rendered":"Ram\u00f3n Eduardo Chiminelli Basignani \u201cNegro\u201d"},"content":{"rendered":"<p>Falleci\u00f3 el 01de marzo 2026<br \/>\nRam\u00f3n Eduardo Chiminelli Basignani \u201cNegro\u201d<br \/>\nDomicilio: Urano de los Santos s\/n<br \/>\nVelatorio: 01 de marzo hora 12<br \/>\nSala N\u00b0 2 \u2013 19 de abril 824<br \/>\nSepelio: 01 de marzo hora 14<br \/>\nNecr\u00f3polis local<br \/>\nPREVISORA REGIONAL\u2013 Servicios F\u00daNEBRES Y CREMACI\u00d3N<br \/>\nOficina de Atenci\u00f3n al P\u00fablico en Calle Zorrilla 736<br \/>\nCon el respaldo de Empresas Centrosur y Bazzi Hnos..<\/p>\n","protected":false},"excerpt":{"rendered":"<p>Falleci\u00f3 el 01de marzo 2026 Ram\u00f3n Eduardo Chiminelli Basignani \u201cNegro\u201d Domicilio: Urano de los Santos s\/n Velatorio: 01 de marzo hora 12 Sala N\u00b0 2 \u2013 19 de abril 824 Sepelio: 01 de marzo hora 14 Necr\u00f3polis local PREVISORA REGIONAL\u2013 Servicios F\u00daNEBRES Y CREMACI\u00d3N Oficina de Atenci\u00f3n al P\u00fablico en Calle Zorrilla 736 Con el [&hellip;]<\/p>\n","protected":false},"author":3,"featured_media":0,"comment_status":"closed","ping_status":"closed","sticky":false,"template":"","format":"standard","meta":{"footnotes":""},"categories":[1],"tags":[],"class_list":["post-5335","post","type-post","status-publish","format-standard","hentry","category-uncategorized"],"aioseo_notices":[],"_links":{"self":[{"href":"https:\/\/necrologicas.duraznohoy.com\/index.php?rest_route=\/wp\/v2\/posts\/5335","targetHints":{"allow":["GET"]}}],"collection":[{"href":"https:\/\/necrologicas.duraznohoy.com\/index.php?rest_route=\/wp\/v2\/posts"}],"about":[{"href":"https:\/\/necrologicas.duraznohoy.com\/index.php?rest_route=\/wp\/v2\/types\/post"}],"author":[{"embeddable":true,"href":"https:\/\/necrologicas.duraznohoy.com\/index.php?rest_route=\/wp\/v2\/users\/3"}],"replies":[{"embeddable":true,"href":"https:\/\/necrologicas.duraznohoy.com\/index.php?rest_route=%2Fwp%2Fv2%2Fcomments&post=5335"}],"version-history":[{"count":1,"href":"https:\/\/necrologicas.duraznohoy.com\/index.php?rest_route=\/wp\/v2\/posts\/5335\/revisions"}],"predecessor-version":[{"id":5336,"href":"https:\/\/necrologicas.duraznohoy.com\/index.php?rest_route=\/wp\/v2\/posts\/5335\/revisions\/5336"}],"wp:attachment":[{"href":"https:\/\/necrologicas.duraznohoy.com\/index.php?rest_route=%2Fwp%2Fv2%2Fmedia&parent=5335"}],"wp:term":[{"taxonomy":"category","embeddable":true,"href":"https:\/\/necrologicas.duraznohoy.com\/index.php?rest_route=%2Fwp%2Fv2%2Fcategories&post=5335"},{"taxonomy":"post_tag","embeddable":true,"href":"https:\/\/necrologicas.duraznohoy.com\/index.php?rest_route=%2Fwp%2Fv2%2Ftags&post=5335"}],"curies":[{"name":"wp","href":"https:\/\/api.w.org\/{rel}","templated":true}]}}