{"id":5343,"date":"2026-03-03T17:50:58","date_gmt":"2026-03-03T20:50:58","guid":{"rendered":"https:\/\/necrologicas.duraznohoy.com\/?p=5343"},"modified":"2026-03-03T17:50:58","modified_gmt":"2026-03-03T20:50:58","slug":"nencys-susana-cal-ruiz-diaz","status":"publish","type":"post","link":"https:\/\/necrologicas.duraznohoy.com\/?p=5343","title":{"rendered":"Nencys Susana Cal Ruiz D\u00edaz"},"content":{"rendered":"<p>Falleci\u00f3 el 03 de marzo 2026<br \/>\nNencys Susana Cal Ruiz D\u00edaz<br \/>\nDomicilio: San Jorge<br \/>\nVelatorio: 04 de marzo hora 8<br \/>\nSala N\u00b0 2 \u2013 19 de abril 824<br \/>\nSepelio: 04 de marzo hora 10<br \/>\nNecr\u00f3polis local<br \/>\nPREVISORA REGIONAL\u2013 Servicios F\u00daNEBRES Y CREMACI\u00d3N<br \/>\nOficina de Atenci\u00f3n al P\u00fablico en Calle Zorrilla 736<br \/>\nCon el respaldo de Empresas Centrosur y Bazzi Hnos<\/p>\n","protected":false},"excerpt":{"rendered":"<p>Falleci\u00f3 el 03 de marzo 2026 Nencys Susana Cal Ruiz D\u00edaz Domicilio: San Jorge Velatorio: 04 de marzo hora 8 Sala N\u00b0 2 \u2013 19 de abril 824 Sepelio: 04 de marzo hora 10 Necr\u00f3polis local PREVISORA REGIONAL\u2013 Servicios F\u00daNEBRES Y CREMACI\u00d3N Oficina de Atenci\u00f3n al P\u00fablico en Calle Zorrilla 736 Con el respaldo de [&hellip;]<\/p>\n","protected":false},"author":3,"featured_media":0,"comment_status":"closed","ping_status":"closed","sticky":false,"template":"","format":"standard","meta":{"footnotes":""},"categories":[1],"tags":[],"class_list":["post-5343","post","type-post","status-publish","format-standard","hentry","category-uncategorized"],"aioseo_notices":[],"_links":{"self":[{"href":"https:\/\/necrologicas.duraznohoy.com\/index.php?rest_route=\/wp\/v2\/posts\/5343","targetHints":{"allow":["GET"]}}],"collection":[{"href":"https:\/\/necrologicas.duraznohoy.com\/index.php?rest_route=\/wp\/v2\/posts"}],"about":[{"href":"https:\/\/necrologicas.duraznohoy.com\/index.php?rest_route=\/wp\/v2\/types\/post"}],"author":[{"embeddable":true,"href":"https:\/\/necrologicas.duraznohoy.com\/index.php?rest_route=\/wp\/v2\/users\/3"}],"replies":[{"embeddable":true,"href":"https:\/\/necrologicas.duraznohoy.com\/index.php?rest_route=%2Fwp%2Fv2%2Fcomments&post=5343"}],"version-history":[{"count":1,"href":"https:\/\/necrologicas.duraznohoy.com\/index.php?rest_route=\/wp\/v2\/posts\/5343\/revisions"}],"predecessor-version":[{"id":5344,"href":"https:\/\/necrologicas.duraznohoy.com\/index.php?rest_route=\/wp\/v2\/posts\/5343\/revisions\/5344"}],"wp:attachment":[{"href":"https:\/\/necrologicas.duraznohoy.com\/index.php?rest_route=%2Fwp%2Fv2%2Fmedia&parent=5343"}],"wp:term":[{"taxonomy":"category","embeddable":true,"href":"https:\/\/necrologicas.duraznohoy.com\/index.php?rest_route=%2Fwp%2Fv2%2Fcategories&post=5343"},{"taxonomy":"post_tag","embeddable":true,"href":"https:\/\/necrologicas.duraznohoy.com\/index.php?rest_route=%2Fwp%2Fv2%2Ftags&post=5343"}],"curies":[{"name":"wp","href":"https:\/\/api.w.org\/{rel}","templated":true}]}}