{"id":5347,"date":"2026-03-08T00:24:02","date_gmt":"2026-03-08T03:24:02","guid":{"rendered":"https:\/\/necrologicas.duraznohoy.com\/?p=5347"},"modified":"2026-03-08T00:24:02","modified_gmt":"2026-03-08T03:24:02","slug":"nelsa-aida-gamarra","status":"publish","type":"post","link":"https:\/\/necrologicas.duraznohoy.com\/?p=5347","title":{"rendered":"Nelsa A\u00ecda Gamarra"},"content":{"rendered":"<p>Falleci\u00f3 EN MONTEVIDEO , el 07 de marzo 2026<br \/>\nNelsa A\u00ecda Gamarra<br \/>\nDomicilio: Durazno \u2013 Ciudad.<br \/>\nVelatorio: 08 de marzo &#8211; hora 10<br \/>\nSala N\u00b0 1 \u2013 19 de abril 824<br \/>\nSepelio: 08 de marzo &#8211; hora 12<br \/>\nSERVICIO POR CONVENIO CON A.N.D.A.<br \/>\nNecr\u00f3polis local<\/p>\n<p>PREVISORA REGIONAL\u2013 Servicios F\u00daNEBRES Y CREMACI\u00d3N<\/p>\n<p>Oficina de Atenci\u00f3n al P\u00fablico en Calle Zorrilla 736<br \/>\nCon el respaldo de Empresas Centrosur y Bazzi Hnos..<\/p>\n","protected":false},"excerpt":{"rendered":"<p>Falleci\u00f3 EN MONTEVIDEO , el 07 de marzo 2026 Nelsa A\u00ecda Gamarra Domicilio: Durazno \u2013 Ciudad. Velatorio: 08 de marzo &#8211; hora 10 Sala N\u00b0 1 \u2013 19 de abril 824 Sepelio: 08 de marzo &#8211; hora 12 SERVICIO POR CONVENIO CON A.N.D.A. Necr\u00f3polis local PREVISORA REGIONAL\u2013 Servicios F\u00daNEBRES Y CREMACI\u00d3N Oficina de Atenci\u00f3n al [&hellip;]<\/p>\n","protected":false},"author":3,"featured_media":0,"comment_status":"closed","ping_status":"closed","sticky":false,"template":"","format":"standard","meta":{"footnotes":""},"categories":[1],"tags":[],"class_list":["post-5347","post","type-post","status-publish","format-standard","hentry","category-uncategorized"],"aioseo_notices":[],"_links":{"self":[{"href":"https:\/\/necrologicas.duraznohoy.com\/index.php?rest_route=\/wp\/v2\/posts\/5347","targetHints":{"allow":["GET"]}}],"collection":[{"href":"https:\/\/necrologicas.duraznohoy.com\/index.php?rest_route=\/wp\/v2\/posts"}],"about":[{"href":"https:\/\/necrologicas.duraznohoy.com\/index.php?rest_route=\/wp\/v2\/types\/post"}],"author":[{"embeddable":true,"href":"https:\/\/necrologicas.duraznohoy.com\/index.php?rest_route=\/wp\/v2\/users\/3"}],"replies":[{"embeddable":true,"href":"https:\/\/necrologicas.duraznohoy.com\/index.php?rest_route=%2Fwp%2Fv2%2Fcomments&post=5347"}],"version-history":[{"count":1,"href":"https:\/\/necrologicas.duraznohoy.com\/index.php?rest_route=\/wp\/v2\/posts\/5347\/revisions"}],"predecessor-version":[{"id":5348,"href":"https:\/\/necrologicas.duraznohoy.com\/index.php?rest_route=\/wp\/v2\/posts\/5347\/revisions\/5348"}],"wp:attachment":[{"href":"https:\/\/necrologicas.duraznohoy.com\/index.php?rest_route=%2Fwp%2Fv2%2Fmedia&parent=5347"}],"wp:term":[{"taxonomy":"category","embeddable":true,"href":"https:\/\/necrologicas.duraznohoy.com\/index.php?rest_route=%2Fwp%2Fv2%2Fcategories&post=5347"},{"taxonomy":"post_tag","embeddable":true,"href":"https:\/\/necrologicas.duraznohoy.com\/index.php?rest_route=%2Fwp%2Fv2%2Ftags&post=5347"}],"curies":[{"name":"wp","href":"https:\/\/api.w.org\/{rel}","templated":true}]}}