{"id":5358,"date":"2026-03-16T00:41:39","date_gmt":"2026-03-16T03:41:39","guid":{"rendered":"https:\/\/necrologicas.duraznohoy.com\/?p=5358"},"modified":"2026-03-16T00:41:39","modified_gmt":"2026-03-16T03:41:39","slug":"rosa-esther-gimenez-garcia","status":"publish","type":"post","link":"https:\/\/necrologicas.duraznohoy.com\/?p=5358","title":{"rendered":"Rosa Esther Gim\u00e9nez Garc\u00eda"},"content":{"rendered":"<div>\n<div>\n<div>Crematorio \u00abJard\u00edn del Durazno\u00bb<\/div>\n<div><span style=\"color: #ffffff;\"><b>Q.E.P.D.\u00a0Rosa Esther Gim\u00e9nez Garc\u00eda<\/b>.<\/span><\/div>\n<div>Sus restos ser\u00e1n\u00a0 cremados el d\u00eda\u00a0 11 de marzo de 2026 en el Crematorio \u201cJard\u00edn del Durazno\u201d.<\/div>\n<\/div>\n<\/div>\n<div><\/div>\n","protected":false},"excerpt":{"rendered":"<p>Crematorio \u00abJard\u00edn del Durazno\u00bb Q.E.P.D.\u00a0Rosa Esther Gim\u00e9nez Garc\u00eda. Sus restos ser\u00e1n\u00a0 cremados el d\u00eda\u00a0 11 de marzo de 2026 en el Crematorio \u201cJard\u00edn del Durazno\u201d.<\/p>\n","protected":false},"author":2,"featured_media":0,"comment_status":"closed","ping_status":"closed","sticky":false,"template":"","format":"standard","meta":{"footnotes":""},"categories":[1],"tags":[],"class_list":["post-5358","post","type-post","status-publish","format-standard","hentry","category-uncategorized"],"aioseo_notices":[],"_links":{"self":[{"href":"https:\/\/necrologicas.duraznohoy.com\/index.php?rest_route=\/wp\/v2\/posts\/5358","targetHints":{"allow":["GET"]}}],"collection":[{"href":"https:\/\/necrologicas.duraznohoy.com\/index.php?rest_route=\/wp\/v2\/posts"}],"about":[{"href":"https:\/\/necrologicas.duraznohoy.com\/index.php?rest_route=\/wp\/v2\/types\/post"}],"author":[{"embeddable":true,"href":"https:\/\/necrologicas.duraznohoy.com\/index.php?rest_route=\/wp\/v2\/users\/2"}],"replies":[{"embeddable":true,"href":"https:\/\/necrologicas.duraznohoy.com\/index.php?rest_route=%2Fwp%2Fv2%2Fcomments&post=5358"}],"version-history":[{"count":1,"href":"https:\/\/necrologicas.duraznohoy.com\/index.php?rest_route=\/wp\/v2\/posts\/5358\/revisions"}],"predecessor-version":[{"id":5359,"href":"https:\/\/necrologicas.duraznohoy.com\/index.php?rest_route=\/wp\/v2\/posts\/5358\/revisions\/5359"}],"wp:attachment":[{"href":"https:\/\/necrologicas.duraznohoy.com\/index.php?rest_route=%2Fwp%2Fv2%2Fmedia&parent=5358"}],"wp:term":[{"taxonomy":"category","embeddable":true,"href":"https:\/\/necrologicas.duraznohoy.com\/index.php?rest_route=%2Fwp%2Fv2%2Fcategories&post=5358"},{"taxonomy":"post_tag","embeddable":true,"href":"https:\/\/necrologicas.duraznohoy.com\/index.php?rest_route=%2Fwp%2Fv2%2Ftags&post=5358"}],"curies":[{"name":"wp","href":"https:\/\/api.w.org\/{rel}","templated":true}]}}