{"id":5360,"date":"2026-03-16T00:42:20","date_gmt":"2026-03-16T03:42:20","guid":{"rendered":"https:\/\/necrologicas.duraznohoy.com\/?p=5360"},"modified":"2026-03-16T00:43:19","modified_gmt":"2026-03-16T03:43:19","slug":"martha-sonia-sallaberrimborde-erasun-yeye","status":"publish","type":"post","link":"https:\/\/necrologicas.duraznohoy.com\/?p=5360","title":{"rendered":"Martha Sonia Sallaberrimborde Erasun \u00abYeye\u00bb"},"content":{"rendered":"<div>\n<div>\n<div><b>Falleci\u00f3 el 14<\/b><b>\u00a0de marzo\u00a0<\/b><b>de 2026\u00a0\u00a0<\/b><\/div>\n<div><span style=\"color: #ffffff;\"><b>Q.E.P.D. &#8211;\u00a0Martha Sonia Sallaberrimborde Erasun \u00abYeye\u00bb<\/b><\/span><\/div>\n<\/div>\n<div>\n<div>Domicilio: Rivera 363<\/div>\n<div>Velatorio: 14 de marzo hora 12<\/div>\n<div>Sala N\u00b0 2 \u2013 19 de abril 824<\/div>\n<div>Sepelio: 14 de marzo hora 14<\/div>\n<div>Necr\u00f3polis local<\/div>\n<\/div>\n<\/div>\n<div><\/div>\n<div><b>PREVISORA REGIONAL<\/b>\u00a0\u2013 Servicios F\u00daNEBRES Y CREMACI\u00d3N. \u00danica Oficina de Atenci\u00f3n al P\u00fablico en Calle Zorrilla 736. Con el respaldo de Empresas Centrosur y Bazzi Hnos.\u00a008008750 \/ 4362-6688 \/ 43622342\/ 43622046.<\/div>\n","protected":false},"excerpt":{"rendered":"<p>Falleci\u00f3 el 14\u00a0de marzo\u00a0de 2026\u00a0\u00a0 Q.E.P.D. &#8211;\u00a0Martha Sonia Sallaberrimborde Erasun \u00abYeye\u00bb Domicilio: Rivera 363 Velatorio: 14 de marzo hora 12 Sala N\u00b0 2 \u2013 19 de abril 824 Sepelio: 14 de marzo hora 14 Necr\u00f3polis local PREVISORA REGIONAL\u00a0\u2013 Servicios F\u00daNEBRES Y CREMACI\u00d3N. \u00danica Oficina de Atenci\u00f3n al P\u00fablico en Calle Zorrilla 736. Con el respaldo [&hellip;]<\/p>\n","protected":false},"author":2,"featured_media":0,"comment_status":"closed","ping_status":"closed","sticky":false,"template":"","format":"standard","meta":{"footnotes":""},"categories":[1],"tags":[],"class_list":["post-5360","post","type-post","status-publish","format-standard","hentry","category-uncategorized"],"aioseo_notices":[],"_links":{"self":[{"href":"https:\/\/necrologicas.duraznohoy.com\/index.php?rest_route=\/wp\/v2\/posts\/5360","targetHints":{"allow":["GET"]}}],"collection":[{"href":"https:\/\/necrologicas.duraznohoy.com\/index.php?rest_route=\/wp\/v2\/posts"}],"about":[{"href":"https:\/\/necrologicas.duraznohoy.com\/index.php?rest_route=\/wp\/v2\/types\/post"}],"author":[{"embeddable":true,"href":"https:\/\/necrologicas.duraznohoy.com\/index.php?rest_route=\/wp\/v2\/users\/2"}],"replies":[{"embeddable":true,"href":"https:\/\/necrologicas.duraznohoy.com\/index.php?rest_route=%2Fwp%2Fv2%2Fcomments&post=5360"}],"version-history":[{"count":1,"href":"https:\/\/necrologicas.duraznohoy.com\/index.php?rest_route=\/wp\/v2\/posts\/5360\/revisions"}],"predecessor-version":[{"id":5361,"href":"https:\/\/necrologicas.duraznohoy.com\/index.php?rest_route=\/wp\/v2\/posts\/5360\/revisions\/5361"}],"wp:attachment":[{"href":"https:\/\/necrologicas.duraznohoy.com\/index.php?rest_route=%2Fwp%2Fv2%2Fmedia&parent=5360"}],"wp:term":[{"taxonomy":"category","embeddable":true,"href":"https:\/\/necrologicas.duraznohoy.com\/index.php?rest_route=%2Fwp%2Fv2%2Fcategories&post=5360"},{"taxonomy":"post_tag","embeddable":true,"href":"https:\/\/necrologicas.duraznohoy.com\/index.php?rest_route=%2Fwp%2Fv2%2Ftags&post=5360"}],"curies":[{"name":"wp","href":"https:\/\/api.w.org\/{rel}","templated":true}]}}