{"id":5759,"date":"2026-08-31T16:37:39","date_gmt":"2026-08-31T19:37:39","guid":{"rendered":"https:\/\/necrologicas.duraznohoy.com\/?p=5759"},"modified":"2026-08-31T16:37:39","modified_gmt":"2026-08-31T19:37:39","slug":"carlos-matildo-castro-russomagno","status":"publish","type":"post","link":"https:\/\/necrologicas.duraznohoy.com\/?p=5759","title":{"rendered":"Carlos Matildo Castro Russomagno"},"content":{"rendered":"<p>Falleci\u00f3 el 31 de agosto 2026<br \/>\nCarlos Matildo Castro Russomagno<br \/>\nDomicilio: B. Mu\u00f1oz 673 \u2013 Apto. 302<br \/>\nVelatorio: 31 de agosto de 17 a 19 hs<br \/>\nSala N\u00b0 3 \u2013 Baltasar Brum 428<br \/>\nCremaci\u00f3n: D\u00eda y hora a confirmar<br \/>\nCrematorio Durazno<br \/>\nORGANIZACI\u00d3N CENTROSUR\u2013 Servicios F\u00daNEBRES Y CREMACI\u00d3N<br \/>\nOficina de Atenci\u00f3n al P\u00fablico en Calle Zorrilla 736<br \/>\nCon el respaldo de Empresas PREVISORA REGIONAL Y BAZZI Hnos.<\/p>\n","protected":false},"excerpt":{"rendered":"<p>Falleci\u00f3 el 31 de agosto 2026 Carlos Matildo Castro Russomagno Domicilio: B. Mu\u00f1oz 673 \u2013 Apto. 302 Velatorio: 31 de agosto de 17 a 19 hs Sala N\u00b0 3 \u2013 Baltasar Brum 428 Cremaci\u00f3n: D\u00eda y hora a confirmar Crematorio Durazno ORGANIZACI\u00d3N CENTROSUR\u2013 Servicios F\u00daNEBRES Y CREMACI\u00d3N Oficina de Atenci\u00f3n al P\u00fablico en Calle Zorrilla [&hellip;]<\/p>\n","protected":false},"author":3,"featured_media":0,"comment_status":"closed","ping_status":"closed","sticky":false,"template":"","format":"standard","meta":{"footnotes":""},"categories":[1],"tags":[],"class_list":["post-5759","post","type-post","status-publish","format-standard","hentry","category-uncategorized"],"_links":{"self":[{"href":"https:\/\/necrologicas.duraznohoy.com\/index.php?rest_route=\/wp\/v2\/posts\/5759","targetHints":{"allow":["GET"]}}],"collection":[{"href":"https:\/\/necrologicas.duraznohoy.com\/index.php?rest_route=\/wp\/v2\/posts"}],"about":[{"href":"https:\/\/necrologicas.duraznohoy.com\/index.php?rest_route=\/wp\/v2\/types\/post"}],"author":[{"embeddable":true,"href":"https:\/\/necrologicas.duraznohoy.com\/index.php?rest_route=\/wp\/v2\/users\/3"}],"replies":[{"embeddable":true,"href":"https:\/\/necrologicas.duraznohoy.com\/index.php?rest_route=%2Fwp%2Fv2%2Fcomments&post=5759"}],"version-history":[{"count":1,"href":"https:\/\/necrologicas.duraznohoy.com\/index.php?rest_route=\/wp\/v2\/posts\/5759\/revisions"}],"predecessor-version":[{"id":5760,"href":"https:\/\/necrologicas.duraznohoy.com\/index.php?rest_route=\/wp\/v2\/posts\/5759\/revisions\/5760"}],"wp:attachment":[{"href":"https:\/\/necrologicas.duraznohoy.com\/index.php?rest_route=%2Fwp%2Fv2%2Fmedia&parent=5759"}],"wp:term":[{"taxonomy":"category","embeddable":true,"href":"https:\/\/necrologicas.duraznohoy.com\/index.php?rest_route=%2Fwp%2Fv2%2Fcategories&post=5759"},{"taxonomy":"post_tag","embeddable":true,"href":"https:\/\/necrologicas.duraznohoy.com\/index.php?rest_route=%2Fwp%2Fv2%2Ftags&post=5759"}],"curies":[{"name":"wp","href":"https:\/\/api.w.org\/{rel}","templated":true}]}}