{"id":5761,"date":"2026-09-01T12:40:36","date_gmt":"2026-09-01T15:40:36","guid":{"rendered":"https:\/\/necrologicas.duraznohoy.com\/?p=5761"},"modified":"2026-09-01T12:40:36","modified_gmt":"2026-09-01T15:40:36","slug":"alvaro-brit-maisterra","status":"publish","type":"post","link":"https:\/\/necrologicas.duraznohoy.com\/?p=5761","title":{"rendered":"\u00c1lvaro Brit Maisterra"},"content":{"rendered":"<p>Falleci\u00f3 el 31 de agosto 2026<br \/>\n\u00c1lvaro Brit Maisterra<br \/>\nDomicilio: Herrera 1058<br \/>\nVelatorio: 1 de setiembre de 14 hs a 17 hs.<br \/>\nSala N\u00b0 1 \u2013 19 de abril 824<br \/>\nCremaci\u00f3n: d\u00eda y hora a confirmar<br \/>\nCrematorio Durazno<br \/>\nORGANIZACI\u00d3N CENTROSUR\u2013 Servicios F\u00daNEBRES Y CREMACI\u00d3N<br \/>\nOficina de Atenci\u00f3n al P\u00fablico en Calle Zorrilla 736<br \/>\nCon el respaldo de Empresas PREVISORA REGIONAL Y BAZZI Hnos.<br \/>\nServicio comunicado por Empresa ORGANIZACI\u00d3N CENTROSUR<\/p>\n","protected":false},"excerpt":{"rendered":"<p>Falleci\u00f3 el 31 de agosto 2026 \u00c1lvaro Brit Maisterra Domicilio: Herrera 1058 Velatorio: 1 de setiembre de 14 hs a 17 hs. Sala N\u00b0 1 \u2013 19 de abril 824 Cremaci\u00f3n: d\u00eda y hora a confirmar Crematorio Durazno ORGANIZACI\u00d3N CENTROSUR\u2013 Servicios F\u00daNEBRES Y CREMACI\u00d3N Oficina de Atenci\u00f3n al P\u00fablico en Calle Zorrilla 736 Con el [&hellip;]<\/p>\n","protected":false},"author":3,"featured_media":0,"comment_status":"closed","ping_status":"closed","sticky":false,"template":"","format":"standard","meta":{"footnotes":""},"categories":[1],"tags":[],"class_list":["post-5761","post","type-post","status-publish","format-standard","hentry","category-uncategorized"],"_links":{"self":[{"href":"https:\/\/necrologicas.duraznohoy.com\/index.php?rest_route=\/wp\/v2\/posts\/5761","targetHints":{"allow":["GET"]}}],"collection":[{"href":"https:\/\/necrologicas.duraznohoy.com\/index.php?rest_route=\/wp\/v2\/posts"}],"about":[{"href":"https:\/\/necrologicas.duraznohoy.com\/index.php?rest_route=\/wp\/v2\/types\/post"}],"author":[{"embeddable":true,"href":"https:\/\/necrologicas.duraznohoy.com\/index.php?rest_route=\/wp\/v2\/users\/3"}],"replies":[{"embeddable":true,"href":"https:\/\/necrologicas.duraznohoy.com\/index.php?rest_route=%2Fwp%2Fv2%2Fcomments&post=5761"}],"version-history":[{"count":1,"href":"https:\/\/necrologicas.duraznohoy.com\/index.php?rest_route=\/wp\/v2\/posts\/5761\/revisions"}],"predecessor-version":[{"id":5762,"href":"https:\/\/necrologicas.duraznohoy.com\/index.php?rest_route=\/wp\/v2\/posts\/5761\/revisions\/5762"}],"wp:attachment":[{"href":"https:\/\/necrologicas.duraznohoy.com\/index.php?rest_route=%2Fwp%2Fv2%2Fmedia&parent=5761"}],"wp:term":[{"taxonomy":"category","embeddable":true,"href":"https:\/\/necrologicas.duraznohoy.com\/index.php?rest_route=%2Fwp%2Fv2%2Fcategories&post=5761"},{"taxonomy":"post_tag","embeddable":true,"href":"https:\/\/necrologicas.duraznohoy.com\/index.php?rest_route=%2Fwp%2Fv2%2Ftags&post=5761"}],"curies":[{"name":"wp","href":"https:\/\/api.w.org\/{rel}","templated":true}]}}