{"id":5764,"date":"2026-09-03T11:47:48","date_gmt":"2026-09-03T14:47:48","guid":{"rendered":"https:\/\/necrologicas.duraznohoy.com\/?p=5764"},"modified":"2026-09-03T11:47:48","modified_gmt":"2026-09-03T14:47:48","slug":"juan-gualberto-diaz-fumero-muda","status":"publish","type":"post","link":"https:\/\/necrologicas.duraznohoy.com\/?p=5764","title":{"rendered":"Juan Gualberto D\u00edaz Fumero \u201cMuda\u201d"},"content":{"rendered":"<p>Falleci\u00f3 el 2 de setiembre 2026<br \/>\nJuan Gualberto D\u00edaz Fumero \u201cMuda\u201d<br \/>\nDomicilio: Batalla Sarand\u00ed 2437<br \/>\nVelatorio: 3 de setiembre de 10 hs a 12 hs.<br \/>\nSala N\u00b0 2 \u2013 19 de abril 824<br \/>\nCremaci\u00f3n: d\u00eda y hora a confirmar<br \/>\nCrematorio Durazno<br \/>\nConvenio: Tutela Social de las Fuerzas Armadas<br \/>\nORGANIZACI\u00d3N CENTROSUR\u2013 Servicios F\u00daNEBRES Y CREMACI\u00d3N<br \/>\nOficina de Atenci\u00f3n al P\u00fablico en Calle Zorrilla 736<br \/>\nCon el respaldo de Empresas PREVISORA REGIONAL Y BAZZI Hnos.<\/p>\n","protected":false},"excerpt":{"rendered":"<p>Falleci\u00f3 el 2 de setiembre 2026 Juan Gualberto D\u00edaz Fumero \u201cMuda\u201d Domicilio: Batalla Sarand\u00ed 2437 Velatorio: 3 de setiembre de 10 hs a 12 hs. Sala N\u00b0 2 \u2013 19 de abril 824 Cremaci\u00f3n: d\u00eda y hora a confirmar Crematorio Durazno Convenio: Tutela Social de las Fuerzas Armadas ORGANIZACI\u00d3N CENTROSUR\u2013 Servicios F\u00daNEBRES Y CREMACI\u00d3N Oficina [&hellip;]<\/p>\n","protected":false},"author":3,"featured_media":0,"comment_status":"closed","ping_status":"closed","sticky":false,"template":"","format":"standard","meta":{"footnotes":""},"categories":[1],"tags":[],"class_list":["post-5764","post","type-post","status-publish","format-standard","hentry","category-uncategorized"],"_links":{"self":[{"href":"https:\/\/necrologicas.duraznohoy.com\/index.php?rest_route=\/wp\/v2\/posts\/5764","targetHints":{"allow":["GET"]}}],"collection":[{"href":"https:\/\/necrologicas.duraznohoy.com\/index.php?rest_route=\/wp\/v2\/posts"}],"about":[{"href":"https:\/\/necrologicas.duraznohoy.com\/index.php?rest_route=\/wp\/v2\/types\/post"}],"author":[{"embeddable":true,"href":"https:\/\/necrologicas.duraznohoy.com\/index.php?rest_route=\/wp\/v2\/users\/3"}],"replies":[{"embeddable":true,"href":"https:\/\/necrologicas.duraznohoy.com\/index.php?rest_route=%2Fwp%2Fv2%2Fcomments&post=5764"}],"version-history":[{"count":1,"href":"https:\/\/necrologicas.duraznohoy.com\/index.php?rest_route=\/wp\/v2\/posts\/5764\/revisions"}],"predecessor-version":[{"id":5765,"href":"https:\/\/necrologicas.duraznohoy.com\/index.php?rest_route=\/wp\/v2\/posts\/5764\/revisions\/5765"}],"wp:attachment":[{"href":"https:\/\/necrologicas.duraznohoy.com\/index.php?rest_route=%2Fwp%2Fv2%2Fmedia&parent=5764"}],"wp:term":[{"taxonomy":"category","embeddable":true,"href":"https:\/\/necrologicas.duraznohoy.com\/index.php?rest_route=%2Fwp%2Fv2%2Fcategories&post=5764"},{"taxonomy":"post_tag","embeddable":true,"href":"https:\/\/necrologicas.duraznohoy.com\/index.php?rest_route=%2Fwp%2Fv2%2Ftags&post=5764"}],"curies":[{"name":"wp","href":"https:\/\/api.w.org\/{rel}","templated":true}]}}