{"id":5766,"date":"2026-09-03T22:40:03","date_gmt":"2026-09-04T01:40:03","guid":{"rendered":"https:\/\/necrologicas.duraznohoy.com\/?p=5766"},"modified":"2026-09-03T22:40:03","modified_gmt":"2026-09-04T01:40:03","slug":"teresa-norma-gonella-ferrari","status":"publish","type":"post","link":"https:\/\/necrologicas.duraznohoy.com\/?p=5766","title":{"rendered":"Teresa Norma Gonella Ferrari"},"content":{"rendered":"<p>Falleci\u00f3 el 3 de setiembre 2026<br \/>\nTeresa Norma Gonella Ferrari<br \/>\nDomicilio: Penza 1151<br \/>\nVelatorio: 4 de setiembre 9<br \/>\nSala N\u00b0 3 \u2013 Baltasar Brum 428<br \/>\nSepelio: 4 de setiembre hora 11<br \/>\nNecr\u00f3polis Local.<br \/>\nORGANIZACI\u00d3N CENTROSUR\u2013 Servicios F\u00daNEBRES Y CREMACI\u00d3N<br \/>\nOficina de Atenci\u00f3n al P\u00fablico en Calle Zorrilla 736<br \/>\nCon el respaldo de Empresas PREVISORA REGIONAL Y BAZZI Hnos.<\/p>\n","protected":false},"excerpt":{"rendered":"<p>Falleci\u00f3 el 3 de setiembre 2026 Teresa Norma Gonella Ferrari Domicilio: Penza 1151 Velatorio: 4 de setiembre 9 Sala N\u00b0 3 \u2013 Baltasar Brum 428 Sepelio: 4 de setiembre hora 11 Necr\u00f3polis Local. ORGANIZACI\u00d3N CENTROSUR\u2013 Servicios F\u00daNEBRES Y CREMACI\u00d3N Oficina de Atenci\u00f3n al P\u00fablico en Calle Zorrilla 736 Con el respaldo de Empresas PREVISORA REGIONAL [&hellip;]<\/p>\n","protected":false},"author":3,"featured_media":0,"comment_status":"closed","ping_status":"closed","sticky":false,"template":"","format":"standard","meta":{"footnotes":""},"categories":[1],"tags":[],"class_list":["post-5766","post","type-post","status-publish","format-standard","hentry","category-uncategorized"],"_links":{"self":[{"href":"https:\/\/necrologicas.duraznohoy.com\/index.php?rest_route=\/wp\/v2\/posts\/5766","targetHints":{"allow":["GET"]}}],"collection":[{"href":"https:\/\/necrologicas.duraznohoy.com\/index.php?rest_route=\/wp\/v2\/posts"}],"about":[{"href":"https:\/\/necrologicas.duraznohoy.com\/index.php?rest_route=\/wp\/v2\/types\/post"}],"author":[{"embeddable":true,"href":"https:\/\/necrologicas.duraznohoy.com\/index.php?rest_route=\/wp\/v2\/users\/3"}],"replies":[{"embeddable":true,"href":"https:\/\/necrologicas.duraznohoy.com\/index.php?rest_route=%2Fwp%2Fv2%2Fcomments&post=5766"}],"version-history":[{"count":1,"href":"https:\/\/necrologicas.duraznohoy.com\/index.php?rest_route=\/wp\/v2\/posts\/5766\/revisions"}],"predecessor-version":[{"id":5767,"href":"https:\/\/necrologicas.duraznohoy.com\/index.php?rest_route=\/wp\/v2\/posts\/5766\/revisions\/5767"}],"wp:attachment":[{"href":"https:\/\/necrologicas.duraznohoy.com\/index.php?rest_route=%2Fwp%2Fv2%2Fmedia&parent=5766"}],"wp:term":[{"taxonomy":"category","embeddable":true,"href":"https:\/\/necrologicas.duraznohoy.com\/index.php?rest_route=%2Fwp%2Fv2%2Fcategories&post=5766"},{"taxonomy":"post_tag","embeddable":true,"href":"https:\/\/necrologicas.duraznohoy.com\/index.php?rest_route=%2Fwp%2Fv2%2Ftags&post=5766"}],"curies":[{"name":"wp","href":"https:\/\/api.w.org\/{rel}","templated":true}]}}